{"id":1038,"date":"2012-11-06T13:56:44","date_gmt":"2012-11-06T11:56:44","guid":{"rendered":"http:\/\/www.dgs-fussball.de\/?p=1038"},"modified":"2012-11-06T13:56:44","modified_gmt":"2012-11-06T11:56:44","slug":"neuordnung-qualifikationen-fur-die-dg-hallenfusball-meisterschaften-der-herren-und-senioren-ab-2013","status":"publish","type":"post","link":"https:\/\/www.dgs-fussball.de\/?p=1038","title":{"rendered":"Neuordnung Qualifikationen f\u00fcr die DG-Hallenfu\u00dfball-Meisterschaften der Herren und Senioren ab 2013"},"content":{"rendered":"<p style=\"text-align: center;\">Die Vereine werden gebeten, sich schnellstm\u00f6glich f\u00fcr die Ausrichtung der Qualifikationsturniere am 26.Oktober 2013 (Senioren) und\/oder am 9.November 2013 (Herren) bei Verbandsfachwart Guido Zimmermann zu bewerben. Je fr\u00fcher, umso besser \u2013 die Vorlage einer Reservierungsbest\u00e4tigung des Sportamtes f\u00fcr eine Sporthale erh\u00f6ht die Chancen.<\/p>\n<p style=\"text-align: center;\"><strong>Anlage:<\/strong><br \/>\n<a href=\"https:\/\/www.dgs-fussball.de\/wordpress\/wp-content\/uploads\/2012\/11\/Neuordnung_Halle_Quali.pdf\">Neuordnung-Anschreiben<\/a><\/p>\n","protected":false},"excerpt":{"rendered":"<p>Die Vereine werden gebeten, sich schnellstm\u00f6glich f\u00fcr die Ausrichtung der Qualifikationsturniere am 26.Oktober 2013 (Senioren) und\/oder am 9.November 2013 (Herren) bei Verbandsfachwart Guido Zimmermann zu bewerben. Je fr\u00fcher, umso besser \u2013 die Vorlage einer Reservierungsbest\u00e4tigung des Sportamtes f\u00fcr eine Sporthale erh\u00f6ht die Chancen. Anlage: Neuordnung-Anschreiben<\/p>\n","protected":false},"author":1,"featured_media":0,"comment_status":"closed","ping_status":"closed","sticky":false,"template":"","format":"standard","meta":{"ngg_post_thumbnail":0,"footnotes":""},"categories":[1],"tags":[],"class_list":["post-1038","post","type-post","status-publish","format-standard","hentry","category-allgemein"],"_links":{"self":[{"href":"https:\/\/www.dgs-fussball.de\/index.php?rest_route=\/wp\/v2\/posts\/1038","targetHints":{"allow":["GET"]}}],"collection":[{"href":"https:\/\/www.dgs-fussball.de\/index.php?rest_route=\/wp\/v2\/posts"}],"about":[{"href":"https:\/\/www.dgs-fussball.de\/index.php?rest_route=\/wp\/v2\/types\/post"}],"author":[{"embeddable":true,"href":"https:\/\/www.dgs-fussball.de\/index.php?rest_route=\/wp\/v2\/users\/1"}],"replies":[{"embeddable":true,"href":"https:\/\/www.dgs-fussball.de\/index.php?rest_route=%2Fwp%2Fv2%2Fcomments&post=1038"}],"version-history":[{"count":1,"href":"https:\/\/www.dgs-fussball.de\/index.php?rest_route=\/wp\/v2\/posts\/1038\/revisions"}],"predecessor-version":[{"id":1040,"href":"https:\/\/www.dgs-fussball.de\/index.php?rest_route=\/wp\/v2\/posts\/1038\/revisions\/1040"}],"wp:attachment":[{"href":"https:\/\/www.dgs-fussball.de\/index.php?rest_route=%2Fwp%2Fv2%2Fmedia&parent=1038"}],"wp:term":[{"taxonomy":"category","embeddable":true,"href":"https:\/\/www.dgs-fussball.de\/index.php?rest_route=%2Fwp%2Fv2%2Fcategories&post=1038"},{"taxonomy":"post_tag","embeddable":true,"href":"https:\/\/www.dgs-fussball.de\/index.php?rest_route=%2Fwp%2Fv2%2Ftags&post=1038"}],"curies":[{"name":"wp","href":"https:\/\/api.w.org\/{rel}","templated":true}]}}