{"id":1082,"date":"2012-11-26T13:25:54","date_gmt":"2012-11-26T11:25:54","guid":{"rendered":"http:\/\/www.dgs-fussball.de\/?p=1082"},"modified":"2019-06-25T10:52:18","modified_gmt":"2019-06-25T08:52:18","slug":"info-dgs-deutsche-gehorlosen-hallenmeisterschaften-in-dusseldorf-am-26-01-2013","status":"publish","type":"post","link":"https:\/\/www.dgs-fussball.de\/?p=1082","title":{"rendered":"Info: DGS-Deutsche Geh\u00f6rlosen Hallenmeisterschaften in D\u00fcsseldorf am 26.01.2013"},"content":{"rendered":"<p style=\"text-align: center;\">Guten Tag liebe Sportkameraden,<\/p>\n<p style=\"text-align: center;\">hiermit m\u00f6chte ich Euch schon mal die Hallenstandorte zu der o.g. Veranstaltung mitteilen. So k\u00f6nnen sich die Vereine, die an der deutschen Meisterschaften teilnehmen, sich schon mal orientieren wo sie \u00fcberhaupt spielen. Dies habe ich als Anlage beigef\u00fcgt.<\/p>\n<p style=\"text-align: center;\">Des Weiteren lade ich euch noch zu der traditionellen Abendveranstaltung nach der deutschen Meisterschaft ein. Auch dies habe ich als Anlage beigef\u00fcgt, zus\u00e4tzlich auch noch das Formular zur Erziehungsbeauftragung (bzgl. des Jugendschutzgesetzes) f\u00fcr die minderj\u00e4hrigen G\u00e4ste.<\/p>\n<p style=\"text-align: center;\">F\u00fcr weitere Fragen stehe ich euch gerne zur Verf\u00fcgung.<\/p>\n<p style=\"text-align: center;\">Ich w\u00fcnsche euch noch einen sch\u00f6nen Sonntag.<\/p>\n<p style=\"text-align: center;\">Mit freundlichen Gr\u00fc\u00dfen<br \/>\nGSV D\u00fcsseldorf 1916 e.V.<br \/>\nLeiter der Fu\u00dfballabteilung<br \/>\nPatrick Sandau<\/p>\n<p style=\"text-align: center;\"><a href=\"https:\/\/www.dgs-fussball.de\/wordpress\/wp-content\/uploads\/2012\/11\/DMHallenPlakat.jpg\"><img loading=\"lazy\" decoding=\"async\" class=\"aligncenter size-medium wp-image-1084\" title=\"DMHallenPlakat\" src=\"https:\/\/www.dgs-fussball.de\/wordpress\/wp-content\/uploads\/2012\/11\/DMHallenPlakat-300x200.jpg\" alt=\"\" width=\"300\" height=\"200\" srcset=\"https:\/\/www.dgs-fussball.de\/wordpress\/wp-content\/uploads\/2012\/11\/DMHallenPlakat-300x200.jpg 300w, https:\/\/www.dgs-fussball.de\/wordpress\/wp-content\/uploads\/2012\/11\/DMHallenPlakat-1024x683.jpg 1024w, https:\/\/www.dgs-fussball.de\/wordpress\/wp-content\/uploads\/2012\/11\/DMHallenPlakat.jpg 1166w\" sizes=\"auto, (max-width: 300px) 100vw, 300px\" \/><\/a><\/p>\n<p style=\"text-align: center;\"><a href=\"https:\/\/www.dgs-fussball.de\/wordpress\/wp-content\/uploads\/2012\/11\/BWPlakat.jpg\"><img loading=\"lazy\" decoding=\"async\" class=\"aligncenter  wp-image-1083\" title=\"BWPlakat\" src=\"https:\/\/www.dgs-fussball.de\/wordpress\/wp-content\/uploads\/2012\/11\/BWPlakat.jpg\" alt=\"\" width=\"308\" height=\"480\" srcset=\"https:\/\/www.dgs-fussball.de\/wordpress\/wp-content\/uploads\/2012\/11\/BWPlakat.jpg 513w, https:\/\/www.dgs-fussball.de\/wordpress\/wp-content\/uploads\/2012\/11\/BWPlakat-192x300.jpg 192w\" sizes=\"auto, (max-width: 308px) 100vw, 308px\" \/><\/a><\/p>\n<p style=\"text-align: center;\"><a href=\"https:\/\/www.dgs-fussball.de\/wordpress\/wp-content\/uploads\/2012\/11\/Erziehungsbeauftragung.pdf\" target=\"_blank\" rel=\"noopener noreferrer\">Erziehungsbeauftragung<\/a><\/p>\n","protected":false},"excerpt":{"rendered":"<p>Guten Tag liebe Sportkameraden, hiermit m\u00f6chte ich Euch schon mal die Hallenstandorte zu der o.g. Veranstaltung mitteilen. So k\u00f6nnen sich die Vereine, die an der deutschen Meisterschaften teilnehmen, sich schon mal orientieren wo sie \u00fcberhaupt spielen. Dies habe ich als Anlage beigef\u00fcgt. Des Weiteren lade ich euch noch zu der traditionellen Abendveranstaltung nach der deutschen Meisterschaft ein. Auch dies habe<\/p>\n","protected":false},"author":1,"featured_media":0,"comment_status":"closed","ping_status":"closed","sticky":false,"template":"","format":"standard","meta":{"ngg_post_thumbnail":0,"footnotes":""},"categories":[22,18,10,14],"tags":[],"class_list":["post-1082","post","type-post","status-publish","format-standard","hentry","category-dm-frauen-futsal","category-dm-jugend-futsal","category-dm-maenner-futsal","category-dm-senioren-futsal"],"_links":{"self":[{"href":"https:\/\/www.dgs-fussball.de\/index.php?rest_route=\/wp\/v2\/posts\/1082","targetHints":{"allow":["GET"]}}],"collection":[{"href":"https:\/\/www.dgs-fussball.de\/index.php?rest_route=\/wp\/v2\/posts"}],"about":[{"href":"https:\/\/www.dgs-fussball.de\/index.php?rest_route=\/wp\/v2\/types\/post"}],"author":[{"embeddable":true,"href":"https:\/\/www.dgs-fussball.de\/index.php?rest_route=\/wp\/v2\/users\/1"}],"replies":[{"embeddable":true,"href":"https:\/\/www.dgs-fussball.de\/index.php?rest_route=%2Fwp%2Fv2%2Fcomments&post=1082"}],"version-history":[{"count":5,"href":"https:\/\/www.dgs-fussball.de\/index.php?rest_route=\/wp\/v2\/posts\/1082\/revisions"}],"predecessor-version":[{"id":5415,"href":"https:\/\/www.dgs-fussball.de\/index.php?rest_route=\/wp\/v2\/posts\/1082\/revisions\/5415"}],"wp:attachment":[{"href":"https:\/\/www.dgs-fussball.de\/index.php?rest_route=%2Fwp%2Fv2%2Fmedia&parent=1082"}],"wp:term":[{"taxonomy":"category","embeddable":true,"href":"https:\/\/www.dgs-fussball.de\/index.php?rest_route=%2Fwp%2Fv2%2Fcategories&post=1082"},{"taxonomy":"post_tag","embeddable":true,"href":"https:\/\/www.dgs-fussball.de\/index.php?rest_route=%2Fwp%2Fv2%2Ftags&post=1082"}],"curies":[{"name":"wp","href":"https:\/\/api.w.org\/{rel}","templated":true}]}}