{"id":1247,"date":"2012-12-20T23:55:44","date_gmt":"2012-12-20T21:55:44","guid":{"rendered":"http:\/\/www.dgs-fussball.de\/?p=1247"},"modified":"2012-12-20T23:56:43","modified_gmt":"2012-12-20T21:56:43","slug":"rucktritt-per-31-januar-2013","status":"publish","type":"post","link":"https:\/\/www.dgs-fussball.de\/?p=1247","title":{"rendered":"R\u00fccktritt des Verbandsfu\u00dfballwartes per 31.Januar 2013"},"content":{"rendered":"<p style=\"text-align: center;\">Liebe Spartenkollegen, liebe Mailempf\u00e4nger,<\/p>\n<p style=\"text-align: center;\">es ist mir bestimmt nicht leichtgefallen, diese Entscheidung, die sich haupts\u00e4chlich wegen der gesundheitlichen Probleme anbahnte, nach langem inneren Kampf und etlichen durchwachten N\u00e4chten endg\u00fcltig zu f\u00e4llen.<\/p>\n<p style=\"text-align: center;\">Ich trete mit Wirkung zum 31.Januar 2013 als Euer Verbandsfachwart zur\u00fcck.<\/p>\n<p style=\"text-align: center;\">Ich hatte ja bereits am 14.12.12 meinen R\u00fccktritt angek\u00fcndigt und hierin geschrieben, da\u00df ich den Zeitpunkt mit der Spartenleitung Ende Januar 2013 besprechen wolle. In den letzten Tagen und N\u00e4chten bin ich jedoch zur Erkenntnis gelangt, da\u00df erstens meine eigene Gesundheit Vorrang hat vor irgendwelchen Verbandsinteressen und zweitens ein schneller R\u00fccktritt im Hinblick auf die EM 2015 sinnvoll ist, um den Weg f\u00fcr eine neue Spartenleitung freizumachen.<\/p>\n<p style=\"text-align: center;\">Wer mich kennt, wei\u00df, da\u00df ich etwas 100%ig mache, wenn ich die Aufgabe annehme. F\u00fcr \u201ehalbe Sachen\u201c bin ich nicht zu haben. Entsprechend habe ich auch die Verantwortung f\u00fcr die DGS-Sparte Fu\u00dfball sehr ernst genommen \u2013 vielleicht zu ernst. Dies f\u00fchrte dazu, da\u00df nur die Schreibtisch-Arbeitszeit f\u00fcr den Verband meist \u00fcber 30 Stunden in der Woche lag mit den gesundheitlichen negativen Folgen. Die Sparte wurde zum Beruf \u2013 als Ehrenamt konnte man es nicht mehr bezeichnen. In meinem Kopf war nur noch Fu\u00dfball \u2013 das Private hatte darunter zu leiden.<\/p>\n<p>Es war g\u00fcnstig f\u00fcr die Sparte im Oktober 2010 und ein Gl\u00fccksfall, einen Berufsunf\u00e4higkeitsrentner wie mich f\u00fcr die Leitung zu gewinnen. Je l\u00e4nger ich den Job jedoch machte, umso mehr wurde mir bewu\u00dft, da\u00df ich \u2013 aber auch die Sparte &#8211; hiermit in eine gef\u00e4hrliche Situation geraten war. Man gew\u00f6hnt sich daran, da\u00df der Fachwart Guido diesen Zeitaufwand erbringen kann und h\u00e4lt dies f\u00fcr selbstverst\u00e4ndlich \u2013 denkt aber nicht an die Zeit nach mir oder wenn ich ausfalle. Je l\u00e4nger ich also Fachwart w\u00e4re, umso schwieriger wird es f\u00fcr einen Nachfolger, da dieser doch an mir gemessen wird. Je l\u00e4nger ich geblieben w\u00e4re, umso abh\u00e4ngiger w\u00e4re die Sparte von mir geworden. Es hei\u00dft ja \u201ekein Mensch ist unersetzlich\u201c \u2013 bitte begreift meinen R\u00fccktritt also als Chance f\u00fcr einen Neuanfang, um die Strukturen und Aufteilungen so zu \u00e4ndern, da\u00df ein Nachfolger gefunden werden kann. Die Einrichtung der Verwaltungsstelle im Oktober 2010 hat nicht ausgereicht. Ich betone ausdr\u00fccklich : Dies ist kein Vorwurf an Dieter Wickert. Er ist auch nur ein Mensch, der in erster Linie Familie und Beruf hat. Ich selbst mache mir heute den Vorwurf, da\u00df ich die geschilderten Risiken nicht VOR der Wahl in M\u00fcnchen erkannt habe.<\/p>\n<p style=\"text-align: center;\">Es ist wirklich ein zeitlicher Zufall, da\u00df der R\u00fccktritt fast gleichzeitig mit der Diskussion Futsal\/Hallen-fu\u00dfball erfolgt. Das eine hat mit dem anderen jedoch nichts zu tuen.<\/p>\n<p style=\"text-align: center;\">Vielmehr haben folgende Punkte mich darin best\u00e4rkt, da\u00df es sich einfach nicht mehr lohnt, meine Gesundheit f\u00fcr die Verbandsarbeit auf`s Spiel zu setzen :<br \/>\n1) Mitgliederschwund, verst\u00e4rkt durch die Inklusion. Hierunter werden die Mannschaftssportarten st\u00e4rker leiden als die Einzelsportarten \u2013 es ist auch nur eine Frage der Zeit, wann die bislang wenig betroffenen Bundesl\u00e4nder NRW, Bayern und BaW\u00fc die Auswirkungen der Inklusion voll zu sp\u00fcren bekommen. Also \u2013 miserable Zukunftsaussichten und fehlende Perspektiven.<br \/>\n2) Stark ausgepr\u00e4gter L\u00e4nderegoismus. Gerade in den schweren Zeiten des Geh\u00f6rlosensports sollte man eigentlich glauben, da\u00df die GL in Deutschland nach dem Motto \u201eEinigkeit macht stark\u201c zusammenhalten und den GL-Sport in Deutschland als Ganzes im Auge halten. Die gemachten Erfahrungen mit vielen Landessportpr\u00e4sidenten und Lfw\u00b4s sind jedoch genau das Gegenteil \u2013 jeder achtet \u00e4ngstlich darauf, da\u00df sein Machtbereich nicht eingeschr\u00e4nkt wird. Diese Einstellung ist auch historisch bedingt, behindert jedoch die aufgrund der in Pkt.1) geschilderten Entwicklung unbedingt erforderlichen Modus\u00e4nderungen und Strukturanpassungen in unserer Sparte. Folge : Die Vereine in den kleinen Bundesl\u00e4ndern\/Regionen sterben aus. Von dem DGS-Pr\u00e4sidium ist in diesem Punkt keine Hilfe zu erwarten, da viele selbst gleichzeitig Landesvertreter sind und die L\u00e4nder jede erforderliche Neustrukturierung mit ihrer ungerecht hohen Stimmrechts\u00fcbermacht verhindern. Als Verbandsfachwart hat man da keine Chance.<br \/>\n3) Fehlende Gestaltungsm\u00f6glichkeiten der Fu\u00dfballsparte innerhalb des DGS. Wir haben mit unseren 2.223 Fu\u00dfballern etwa ein Viertel aller DGS-Mitglieder. Bei den Verbandstagen durften wir bis zur letzten Tagung in Duisburg in 11\/2012 keine Antr\u00e4ge stellen und haben nur 1 Stimme, genauso viel wie die Radsportsparte mit ihren 22 (!!) Mitgliedern. Die L\u00e4nder NRW und Bayern haben je-weils gesamt 1.887 bzw. 1.952 Mitglieder, also weniger als unsere Sparte \u2013 beim Verbandstag jedoch jeweils 9 Stimmen. Es ist o.k., wenn wir beim Behindertensport einem Mehrspartenver-band angeh\u00f6ren \u2013 ein derart krasses Mi\u00dfverh\u00e4ltnis bei den Stimmen widerspricht meinem Gerechtigkeitsempfinden jedoch total. Auch hier ist wegen der in der Satzung zementierten Macht der L\u00e4nder keine \u00c4nderung zu erwarten. Man f\u00fchlt sich hier als Fu\u00dfballwart fremdbe-stimmt.<br \/>\n4) Motivierungsprobleme. F\u00fcr mich war der Einbau und die F\u00f6rderung von j\u00fcngeren Mitarbeitern in die Spartenleitung sowie die offene \u201ePersonalf\u00fchrung\u201c ein Herzensanliegen. Da ich Realist bin \u2013 andere w\u00fcrden vielleicht Schwarzmaler sagen &#8211; und f\u00fcr den Geh\u00f6rlosensport keine Zukunftsper-spektiven sehe, habe ich inzwischen Probleme, die J\u00fcngeren zu motivieren. Wie soll ich Mitar-beiter anspornen, wenn ich selbst von der Zukunft des Geh\u00f6rlosensports nicht \u00fcberzeugt bin und die Strukturen und die Leitung beim DGS sehr kritisch sehe. Ich bin daf\u00fcr einfach zu ehrlich und offen. Ein Chef, der jedoch seine Mitarbeiter nicht mehr \u00fcberzeugen und mitrei\u00dfen kann, ist ein schlechter Chef und mu\u00df ausgewechselt werden.<\/p>\n<p style=\"text-align: center;\">R\u00fcckbetrachtung:<br \/>\nEs war wirklich sch\u00f6n, in der DGS-Fu\u00dfballsparte mitzuarbeiten. Trotz allem Stre\u00df hat mir die Arbeit gro\u00dfteils Spa\u00df gemacht, wof\u00fcr ich allen, die mit mir zusammengearbeitet haben, herzlich danke.<br \/>\nDie sch\u00f6nste Zeit war jedoch diejenige als Techn. Leiter Jugend in den 1998-2008, da ich mich damals auf die geliebte Jugendarbeit konzentrieren konnte, es noch ausreichend Nachwuchs gab und der Arbeits-umfang nur ein Bruchteil vom jetzigen war. Auch hatte ich damals nicht den tiefen Einblick in die Ver-bandsarbeit und die Inklusion sowie den Mitgliederschwund gab`s noch nicht.<br \/>\nSchwerpunkte meiner Arbeit als Verbandsfachwart ab Oktober 2010 war von Anfang an, die Strukturen an die geringere Vereins- und Mitgliederzahlen anzupassen und erforderliche Modus\u00e4nderungen in Angriff zu nehmen. Die Eingliederung der Regionen Nord, Ost und S\u00fcdwest ist gelungen \u2013 weitere notwendige \u00c4nderungen werden jedoch von den gro\u00dfen L\u00e4ndern NRW, Bayern und BaW\u00fc blockiert \u2013 siehe hierzu Pkt. 2) oben. Auch die dringend erforderliche Modus\u00e4nderung beim Gro\u00dffeldfu\u00dfball scheitert hieran. Diese Arbeiten konnte ich daher leider nicht beenden.<br \/>\nEs w\u00fcrde zu weit f\u00fchren, alle weiteren T\u00e4tigkeiten und vorgenommene \u00c4nderungen aufzuf\u00fchren.<br \/>\nIm Nachhinein mu\u00df ich eingestehen, da\u00df ich aufgrund meines ausgepr\u00e4gten Gerechtigkeitsdenkens und Demokratieverst\u00e4ndnis, den wohl zu hohen Moralvorstellungen sowie dem Hang zum Perfektionismus vielleicht doch nicht der richtige Mann f\u00fcr den Posten als Verbandsfachwart war.<\/p>\n<p style=\"text-align: center;\">Warum R\u00fccktritt per 31.Januar 2013 ?<br \/>\nDie DG-Hallenfu\u00dfballmeisterschaft am 26.1.2013 werde ich noch mitorganisieren, da ich hier bei den Vorbereitungen eingebunden bin. Ich m\u00f6chte dies auch nutzen, um mich bei den Spartenkollegen ganz herzlich f\u00fcr die Mitarbeit zu bedanken und pers\u00f6nlich zu verabschieden.<\/p>\n<p style=\"text-align: center;\">Vielen Dank nochmals f\u00fcr die sch\u00f6ne Zeit bei der DGS-Sparte Fu\u00dfball. Bitte versucht nicht, mich umzustimmen, sondern akzeptiert, da\u00df ich in erster Linie an meine Gesundheit und mich denken mu\u00df.<\/p>\n<p style=\"text-align: center;\">Es w\u00fcrde mich echt freuen, wenn schnell ein Nachfolger gefunden wird, der die DGS-Sparte Fu\u00dfball mit frischer Energie und Optimismus in die n\u00e4chsten Jahre f\u00fchrt sowie mit seiner Spartenleitungs-Mann-schaft zum Gelingen der EM 2015 beitr\u00e4gt.<\/p>\n<p style=\"text-align: center;\">Den Spartenkollegen, den zahlreichen Sportsfreunden, mit denen ich zusammenarbeiten durfte, dem Pr\u00e4sidium und den Mitarbeitern der DGS-Gesch\u00e4ftsleitung w\u00fcnsche ich dann noch ein besinnliches frohes Weihnachtsfest und einen guten Rutsch in ein hoffentlich erfolgreiches Sportjahr 2013.<\/p>\n<p style=\"text-align: center;\">Mit freundlichen Gr\u00fc\u00dfen<\/p>\n<p style=\"text-align: center;\">Guido Zimmermann<br \/>\nVerbandsfachwart der<br \/>\nDGS-Sparte Fu\u00dfball<\/p>\n","protected":false},"excerpt":{"rendered":"<p>Liebe Spartenkollegen, liebe Mailempf\u00e4nger, es ist mir bestimmt nicht leichtgefallen, diese Entscheidung, die sich haupts\u00e4chlich wegen der gesundheitlichen Probleme anbahnte, nach langem inneren Kampf und etlichen durchwachten N\u00e4chten endg\u00fcltig zu f\u00e4llen. Ich trete mit Wirkung zum 31.Januar 2013 als Euer Verbandsfachwart zur\u00fcck. Ich hatte ja bereits am 14.12.12 meinen R\u00fccktritt angek\u00fcndigt und hierin geschrieben, da\u00df ich den Zeitpunkt mit der<\/p>\n","protected":false},"author":1,"featured_media":0,"comment_status":"closed","ping_status":"closed","sticky":false,"template":"","format":"standard","meta":{"ngg_post_thumbnail":0,"footnotes":""},"categories":[1],"tags":[],"class_list":["post-1247","post","type-post","status-publish","format-standard","hentry","category-allgemein"],"_links":{"self":[{"href":"https:\/\/www.dgs-fussball.de\/index.php?rest_route=\/wp\/v2\/posts\/1247","targetHints":{"allow":["GET"]}}],"collection":[{"href":"https:\/\/www.dgs-fussball.de\/index.php?rest_route=\/wp\/v2\/posts"}],"about":[{"href":"https:\/\/www.dgs-fussball.de\/index.php?rest_route=\/wp\/v2\/types\/post"}],"author":[{"embeddable":true,"href":"https:\/\/www.dgs-fussball.de\/index.php?rest_route=\/wp\/v2\/users\/1"}],"replies":[{"embeddable":true,"href":"https:\/\/www.dgs-fussball.de\/index.php?rest_route=%2Fwp%2Fv2%2Fcomments&post=1247"}],"version-history":[{"count":3,"href":"https:\/\/www.dgs-fussball.de\/index.php?rest_route=\/wp\/v2\/posts\/1247\/revisions"}],"predecessor-version":[{"id":1249,"href":"https:\/\/www.dgs-fussball.de\/index.php?rest_route=\/wp\/v2\/posts\/1247\/revisions\/1249"}],"wp:attachment":[{"href":"https:\/\/www.dgs-fussball.de\/index.php?rest_route=%2Fwp%2Fv2%2Fmedia&parent=1247"}],"wp:term":[{"taxonomy":"category","embeddable":true,"href":"https:\/\/www.dgs-fussball.de\/index.php?rest_route=%2Fwp%2Fv2%2Fcategories&post=1247"},{"taxonomy":"post_tag","embeddable":true,"href":"https:\/\/www.dgs-fussball.de\/index.php?rest_route=%2Fwp%2Fv2%2Ftags&post=1247"}],"curies":[{"name":"wp","href":"https:\/\/api.w.org\/{rel}","templated":true}]}}