{"id":1416,"date":"2013-02-25T17:15:32","date_gmt":"2013-02-25T15:15:32","guid":{"rendered":"http:\/\/www.dgs-fussball.de\/?p=1416"},"modified":"2013-02-25T17:24:05","modified_gmt":"2013-02-25T15:24:05","slug":"1416","status":"publish","type":"post","link":"https:\/\/www.dgs-fussball.de\/?p=1416","title":{"rendered":"Urlaub"},"content":{"rendered":"<p style=\"text-align: center;\">Hallo lieber Sportkamerad-in,<\/p>\n<p style=\"text-align: center;\">auf diese Wege m\u00f6chte ich euch mitteilen, dass ich <strong>ab 8. M\u00e4rz bis 16. M\u00e4rz 2013<\/strong> im Auslandsurlaub befinde und nicht erreichbar bin.<\/p>\n<p style=\"text-align: center;\">Danke!<\/p>\n<p style=\"text-align: center;\">Mit sportl. Gru\u00df<\/p>\n<p style=\"text-align: center;\">Ren\u00e9 Mittl\u00e4nder<br \/>\nDGS-Sparte Fu\u00dfball Ost-Beauftragter<\/p>\n","protected":false},"excerpt":{"rendered":"<p>Hallo lieber Sportkamerad-in, auf diese Wege m\u00f6chte ich euch mitteilen, dass ich ab 8. M\u00e4rz bis 16. M\u00e4rz 2013 im Auslandsurlaub befinde und nicht erreichbar bin. Danke! Mit sportl. Gru\u00df Ren\u00e9 Mittl\u00e4nder DGS-Sparte Fu\u00dfball Ost-Beauftragter<\/p>\n","protected":false},"author":1,"featured_media":0,"comment_status":"closed","ping_status":"closed","sticky":false,"template":"","format":"standard","meta":{"ngg_post_thumbnail":0,"footnotes":""},"categories":[1],"tags":[],"class_list":["post-1416","post","type-post","status-publish","format-standard","hentry","category-allgemein"],"_links":{"self":[{"href":"https:\/\/www.dgs-fussball.de\/index.php?rest_route=\/wp\/v2\/posts\/1416","targetHints":{"allow":["GET"]}}],"collection":[{"href":"https:\/\/www.dgs-fussball.de\/index.php?rest_route=\/wp\/v2\/posts"}],"about":[{"href":"https:\/\/www.dgs-fussball.de\/index.php?rest_route=\/wp\/v2\/types\/post"}],"author":[{"embeddable":true,"href":"https:\/\/www.dgs-fussball.de\/index.php?rest_route=\/wp\/v2\/users\/1"}],"replies":[{"embeddable":true,"href":"https:\/\/www.dgs-fussball.de\/index.php?rest_route=%2Fwp%2Fv2%2Fcomments&post=1416"}],"version-history":[{"count":2,"href":"https:\/\/www.dgs-fussball.de\/index.php?rest_route=\/wp\/v2\/posts\/1416\/revisions"}],"predecessor-version":[{"id":1427,"href":"https:\/\/www.dgs-fussball.de\/index.php?rest_route=\/wp\/v2\/posts\/1416\/revisions\/1427"}],"wp:attachment":[{"href":"https:\/\/www.dgs-fussball.de\/index.php?rest_route=%2Fwp%2Fv2%2Fmedia&parent=1416"}],"wp:term":[{"taxonomy":"category","embeddable":true,"href":"https:\/\/www.dgs-fussball.de\/index.php?rest_route=%2Fwp%2Fv2%2Fcategories&post=1416"},{"taxonomy":"post_tag","embeddable":true,"href":"https:\/\/www.dgs-fussball.de\/index.php?rest_route=%2Fwp%2Fv2%2Ftags&post=1416"}],"curies":[{"name":"wp","href":"https:\/\/api.w.org\/{rel}","templated":true}]}}