{"id":1458,"date":"2013-03-08T22:31:03","date_gmt":"2013-03-08T20:31:03","guid":{"rendered":"http:\/\/www.dgs-fussball.de\/?p=1458"},"modified":"2013-03-08T22:31:03","modified_gmt":"2013-03-08T20:31:03","slug":"rucktritt-von-rene-mittlander-dgs-beauftragter-der-sparte-fusball-fur-ostdeutschland","status":"publish","type":"post","link":"https:\/\/www.dgs-fussball.de\/?p=1458","title":{"rendered":"R\u00fccktritt von Rene Mittl\u00e4nder, DGS-Beauftragter der Sparte Fu\u00dfball f\u00fcr Ostdeutschland"},"content":{"rendered":"<p style=\"text-align: center;\">Liebe Sportkameraden,<\/p>\n<p style=\"text-align: center;\">erneut hat die Sparte Fu\u00dfball im DGS einen R\u00fccktritt zur Kenntnis zu nehmen. Aus famili\u00e4ren Gr\u00fcnden hat der Beauftrage der Sparte Fu\u00dfball f\u00fcr Ostdeutschland, Rene Mittl\u00e4nder, mit sofortiger Wirkung seinen R\u00fccktritt erkl\u00e4rt. Wir danken Rene Mittl\u00e4nder f\u00fcr seine jahrelange Mitarbeit und w\u00fcnschen ihm alles\u00a0Gute f\u00fcr die Zukunft.<\/p>\n<p style=\"text-align: center;\">Falls m\u00f6glich, sollte bereits am 22. M\u00e4rz 2013 in Braunschweig im Rahmen der Nord-\/Ost-\/S\u00fcdwest-Tagung ein Nachfolger\/in gew\u00e4hlt werden. Findet sich kein Nachfolger, erfolgt ein zweiter Versuch im Rahmen der au\u00dferordentlichen DGS-Fu\u00dfballtagung im Oktober 2013.<\/p>\n<p style=\"text-align: center;\">Mit sportlichen Gr\u00fc\u00dfen<\/p>\n<p style=\"text-align: center;\">Dieter Wickert<br \/>\nVerwaltungsstelle der Sparte Fu\u00dfball<\/p>\n","protected":false},"excerpt":{"rendered":"<p>Liebe Sportkameraden, erneut hat die Sparte Fu\u00dfball im DGS einen R\u00fccktritt zur Kenntnis zu nehmen. Aus famili\u00e4ren Gr\u00fcnden hat der Beauftrage der Sparte Fu\u00dfball f\u00fcr Ostdeutschland, Rene Mittl\u00e4nder, mit sofortiger Wirkung seinen R\u00fccktritt erkl\u00e4rt. Wir danken Rene Mittl\u00e4nder f\u00fcr seine jahrelange Mitarbeit und w\u00fcnschen ihm alles\u00a0Gute f\u00fcr die Zukunft. Falls m\u00f6glich, sollte bereits am 22. M\u00e4rz 2013 in Braunschweig im<\/p>\n","protected":false},"author":1,"featured_media":0,"comment_status":"closed","ping_status":"closed","sticky":false,"template":"","format":"standard","meta":{"ngg_post_thumbnail":0,"footnotes":""},"categories":[1],"tags":[],"class_list":["post-1458","post","type-post","status-publish","format-standard","hentry","category-allgemein"],"_links":{"self":[{"href":"https:\/\/www.dgs-fussball.de\/index.php?rest_route=\/wp\/v2\/posts\/1458","targetHints":{"allow":["GET"]}}],"collection":[{"href":"https:\/\/www.dgs-fussball.de\/index.php?rest_route=\/wp\/v2\/posts"}],"about":[{"href":"https:\/\/www.dgs-fussball.de\/index.php?rest_route=\/wp\/v2\/types\/post"}],"author":[{"embeddable":true,"href":"https:\/\/www.dgs-fussball.de\/index.php?rest_route=\/wp\/v2\/users\/1"}],"replies":[{"embeddable":true,"href":"https:\/\/www.dgs-fussball.de\/index.php?rest_route=%2Fwp%2Fv2%2Fcomments&post=1458"}],"version-history":[{"count":1,"href":"https:\/\/www.dgs-fussball.de\/index.php?rest_route=\/wp\/v2\/posts\/1458\/revisions"}],"predecessor-version":[{"id":1459,"href":"https:\/\/www.dgs-fussball.de\/index.php?rest_route=\/wp\/v2\/posts\/1458\/revisions\/1459"}],"wp:attachment":[{"href":"https:\/\/www.dgs-fussball.de\/index.php?rest_route=%2Fwp%2Fv2%2Fmedia&parent=1458"}],"wp:term":[{"taxonomy":"category","embeddable":true,"href":"https:\/\/www.dgs-fussball.de\/index.php?rest_route=%2Fwp%2Fv2%2Fcategories&post=1458"},{"taxonomy":"post_tag","embeddable":true,"href":"https:\/\/www.dgs-fussball.de\/index.php?rest_route=%2Fwp%2Fv2%2Ftags&post=1458"}],"curies":[{"name":"wp","href":"https:\/\/api.w.org\/{rel}","templated":true}]}}