{"id":1632,"date":"2013-04-29T09:28:04","date_gmt":"2013-04-29T07:28:04","guid":{"rendered":"http:\/\/www.dgs-fussball.de\/?p=1632"},"modified":"2013-04-29T09:28:04","modified_gmt":"2013-04-29T07:28:04","slug":"bayr-geanderte-ansetzungen-im-pokal-20122013","status":"publish","type":"post","link":"https:\/\/www.dgs-fussball.de\/?p=1632","title":{"rendered":"Bayr: Ge\u00e4nderte Ansetzungen im Pokal 2012\/2013"},"content":{"rendered":"<p style=\"text-align: center;\">Liebe Sportkameraden\/innen,<\/p>\n<p style=\"text-align: center;\">\u00a0nun stehen die Ansetzungen der Pokalspiele endg\u00fcltig fest. Bitte den Dateianhang entnehmen.<\/p>\n<p style=\"text-align: center;\">Mit sportlichen Gr\u00fc\u00dfen<br \/>\nDamian Spillner<br \/>\nTechnischer Leitera<br \/>\nSparte Fu\u00dfball Bayern<\/p>\n<p style=\"text-align: center;\"><strong>Anlage:<\/strong><br \/>\n<a href=\"https:\/\/www.dgs-fussball.de\/wordpress\/wp-content\/uploads\/2013\/04\/pokal-2012_2013_28042013.pdf\">pokal 2012_2013_28042013<\/a><\/p>\n","protected":false},"excerpt":{"rendered":"<p>Liebe Sportkameraden\/innen, \u00a0nun stehen die Ansetzungen der Pokalspiele endg\u00fcltig fest. Bitte den Dateianhang entnehmen. Mit sportlichen Gr\u00fc\u00dfen Damian Spillner Technischer Leitera Sparte Fu\u00dfball Bayern Anlage: pokal 2012_2013_28042013<\/p>\n","protected":false},"author":1,"featured_media":0,"comment_status":"closed","ping_status":"closed","sticky":false,"template":"","format":"standard","meta":{"ngg_post_thumbnail":0,"footnotes":""},"categories":[33],"tags":[],"class_list":["post-1632","post","type-post","status-publish","format-standard","hentry","category-regional-bayern"],"_links":{"self":[{"href":"https:\/\/www.dgs-fussball.de\/index.php?rest_route=\/wp\/v2\/posts\/1632","targetHints":{"allow":["GET"]}}],"collection":[{"href":"https:\/\/www.dgs-fussball.de\/index.php?rest_route=\/wp\/v2\/posts"}],"about":[{"href":"https:\/\/www.dgs-fussball.de\/index.php?rest_route=\/wp\/v2\/types\/post"}],"author":[{"embeddable":true,"href":"https:\/\/www.dgs-fussball.de\/index.php?rest_route=\/wp\/v2\/users\/1"}],"replies":[{"embeddable":true,"href":"https:\/\/www.dgs-fussball.de\/index.php?rest_route=%2Fwp%2Fv2%2Fcomments&post=1632"}],"version-history":[{"count":1,"href":"https:\/\/www.dgs-fussball.de\/index.php?rest_route=\/wp\/v2\/posts\/1632\/revisions"}],"predecessor-version":[{"id":1634,"href":"https:\/\/www.dgs-fussball.de\/index.php?rest_route=\/wp\/v2\/posts\/1632\/revisions\/1634"}],"wp:attachment":[{"href":"https:\/\/www.dgs-fussball.de\/index.php?rest_route=%2Fwp%2Fv2%2Fmedia&parent=1632"}],"wp:term":[{"taxonomy":"category","embeddable":true,"href":"https:\/\/www.dgs-fussball.de\/index.php?rest_route=%2Fwp%2Fv2%2Fcategories&post=1632"},{"taxonomy":"post_tag","embeddable":true,"href":"https:\/\/www.dgs-fussball.de\/index.php?rest_route=%2Fwp%2Fv2%2Ftags&post=1632"}],"curies":[{"name":"wp","href":"https:\/\/api.w.org\/{rel}","templated":true}]}}