{"id":1673,"date":"2013-05-21T11:12:39","date_gmt":"2013-05-21T09:12:39","guid":{"rendered":"http:\/\/www.dgs-fussball.de\/?p=1673"},"modified":"2013-05-21T11:13:03","modified_gmt":"2013-05-21T09:13:03","slug":"1673","status":"publish","type":"post","link":"https:\/\/www.dgs-fussball.de\/?p=1673","title":{"rendered":"Bayerische Kleinfeldmeisterschaft am 13. Juli 2013 in Neu-Ulm"},"content":{"rendered":"<p style=\"text-align: center;\">Liebe Sportkameraden\/innen,<\/p>\n<p style=\"text-align: center;\">anbei erhaltet Ihr die Ausschreibung, Durchf\u00fchrungsbestimmungen und Anmeldungen f\u00fcr die Bayerische Kleinfeldmeisterschaft am 13. Juli 2013 in Neu-Ulm.<br \/>\nBitte rechtzeitig anmelden. Weitere Informationen findet Ihr bei den Anh\u00e4ngen. Die Auslosung f\u00fcr die Spiele finden wahrscheinlich bei der Bayerischen Geh\u00f6rlosen-Sportfest am 6. Juli 2013 in Rosenheim statt.<\/p>\n<p style=\"text-align: center;\">Mit sportlichen Gr\u00fc\u00dfen<\/p>\n<p style=\"text-align: center;\">Damian Spillner<br \/>\nTechnischer Leiter<br \/>\nSparte Fu\u00dfball Bayern<\/p>\n<p style=\"text-align: center;\"><strong>Anlagen:<\/strong><\/p>\n","protected":false},"excerpt":{"rendered":"<p>Liebe Sportkameraden\/innen, anbei erhaltet Ihr die Ausschreibung, Durchf\u00fchrungsbestimmungen und Anmeldungen f\u00fcr die Bayerische Kleinfeldmeisterschaft am 13. Juli 2013 in Neu-Ulm. Bitte rechtzeitig anmelden. Weitere Informationen findet Ihr bei den Anh\u00e4ngen. Die Auslosung f\u00fcr die Spiele finden wahrscheinlich bei der Bayerischen Geh\u00f6rlosen-Sportfest am 6. Juli 2013 in Rosenheim statt. Mit sportlichen Gr\u00fc\u00dfen Damian Spillner Technischer Leiter Sparte Fu\u00dfball Bayern Anlagen:<\/p>\n","protected":false},"author":1,"featured_media":0,"comment_status":"closed","ping_status":"closed","sticky":false,"template":"","format":"standard","meta":{"ngg_post_thumbnail":0,"footnotes":""},"categories":[33],"tags":[],"class_list":["post-1673","post","type-post","status-publish","format-standard","hentry","category-regional-bayern"],"_links":{"self":[{"href":"https:\/\/www.dgs-fussball.de\/index.php?rest_route=\/wp\/v2\/posts\/1673","targetHints":{"allow":["GET"]}}],"collection":[{"href":"https:\/\/www.dgs-fussball.de\/index.php?rest_route=\/wp\/v2\/posts"}],"about":[{"href":"https:\/\/www.dgs-fussball.de\/index.php?rest_route=\/wp\/v2\/types\/post"}],"author":[{"embeddable":true,"href":"https:\/\/www.dgs-fussball.de\/index.php?rest_route=\/wp\/v2\/users\/1"}],"replies":[{"embeddable":true,"href":"https:\/\/www.dgs-fussball.de\/index.php?rest_route=%2Fwp%2Fv2%2Fcomments&post=1673"}],"version-history":[{"count":3,"href":"https:\/\/www.dgs-fussball.de\/index.php?rest_route=\/wp\/v2\/posts\/1673\/revisions"}],"predecessor-version":[{"id":1684,"href":"https:\/\/www.dgs-fussball.de\/index.php?rest_route=\/wp\/v2\/posts\/1673\/revisions\/1684"}],"wp:attachment":[{"href":"https:\/\/www.dgs-fussball.de\/index.php?rest_route=%2Fwp%2Fv2%2Fmedia&parent=1673"}],"wp:term":[{"taxonomy":"category","embeddable":true,"href":"https:\/\/www.dgs-fussball.de\/index.php?rest_route=%2Fwp%2Fv2%2Fcategories&post=1673"},{"taxonomy":"post_tag","embeddable":true,"href":"https:\/\/www.dgs-fussball.de\/index.php?rest_route=%2Fwp%2Fv2%2Ftags&post=1673"}],"curies":[{"name":"wp","href":"https:\/\/api.w.org\/{rel}","templated":true}]}}