{"id":1723,"date":"2013-06-06T10:17:37","date_gmt":"2013-06-06T08:17:37","guid":{"rendered":"http:\/\/www.dgs-fussball.de\/?p=1723"},"modified":"2013-06-06T10:17:37","modified_gmt":"2013-06-06T08:17:37","slug":"bayerischer-pokal-2013-3","status":"publish","type":"post","link":"https:\/\/www.dgs-fussball.de\/?p=1723","title":{"rendered":"Bayerischer Pokal 2013"},"content":{"rendered":"<p style=\"text-align: center;\">Liebe Sportkameraden\/innen,<\/p>\n<p style=\"text-align: center;\">das erstes Halbfinalspiel der bayerischen Pokal hatte stattgefunden: GSV W\u00fcrzburg &#8211; GSV Bamberg 0:4\u00a0(0:3).<\/p>\n<p style=\"text-align: center;\">Das Spiel GSV Augsburg &#8211; GVIUS ist witterungsbedingt (anhaltender Regen) ausgefallen, das Spiel wird am 15. Juni 2013 ausgetragen.<\/p>\n<p style=\"text-align: center;\">Anbei den neuesten Spielplan.<\/p>\n<p style=\"text-align: center;\">Mit sportlichen Gr\u00fc\u00dfen<\/p>\n<p style=\"text-align: center;\">Jochen Noe<br \/>\nLandesfachwart<br \/>\nSparte Fu\u00dfball Bayern<\/p>\n<p style=\"text-align: center;\">Anlage:<br \/>\n<a href=\"https:\/\/www.dgs-fussball.de\/wordpress\/wp-content\/uploads\/2013\/06\/pokal-2012-2013_02062013.pdf\">pokal 2012-2013_02062013<\/a><\/p>\n","protected":false},"excerpt":{"rendered":"<p>Liebe Sportkameraden\/innen, das erstes Halbfinalspiel der bayerischen Pokal hatte stattgefunden: GSV W\u00fcrzburg &#8211; GSV Bamberg 0:4\u00a0(0:3). Das Spiel GSV Augsburg &#8211; GVIUS ist witterungsbedingt (anhaltender Regen) ausgefallen, das Spiel wird am 15. Juni 2013 ausgetragen. Anbei den neuesten Spielplan. Mit sportlichen Gr\u00fc\u00dfen Jochen Noe Landesfachwart Sparte Fu\u00dfball Bayern Anlage: pokal 2012-2013_02062013<\/p>\n","protected":false},"author":1,"featured_media":0,"comment_status":"closed","ping_status":"closed","sticky":false,"template":"","format":"standard","meta":{"ngg_post_thumbnail":0,"footnotes":""},"categories":[33],"tags":[],"class_list":["post-1723","post","type-post","status-publish","format-standard","hentry","category-regional-bayern"],"_links":{"self":[{"href":"https:\/\/www.dgs-fussball.de\/index.php?rest_route=\/wp\/v2\/posts\/1723","targetHints":{"allow":["GET"]}}],"collection":[{"href":"https:\/\/www.dgs-fussball.de\/index.php?rest_route=\/wp\/v2\/posts"}],"about":[{"href":"https:\/\/www.dgs-fussball.de\/index.php?rest_route=\/wp\/v2\/types\/post"}],"author":[{"embeddable":true,"href":"https:\/\/www.dgs-fussball.de\/index.php?rest_route=\/wp\/v2\/users\/1"}],"replies":[{"embeddable":true,"href":"https:\/\/www.dgs-fussball.de\/index.php?rest_route=%2Fwp%2Fv2%2Fcomments&post=1723"}],"version-history":[{"count":0,"href":"https:\/\/www.dgs-fussball.de\/index.php?rest_route=\/wp\/v2\/posts\/1723\/revisions"}],"wp:attachment":[{"href":"https:\/\/www.dgs-fussball.de\/index.php?rest_route=%2Fwp%2Fv2%2Fmedia&parent=1723"}],"wp:term":[{"taxonomy":"category","embeddable":true,"href":"https:\/\/www.dgs-fussball.de\/index.php?rest_route=%2Fwp%2Fv2%2Fcategories&post=1723"},{"taxonomy":"post_tag","embeddable":true,"href":"https:\/\/www.dgs-fussball.de\/index.php?rest_route=%2Fwp%2Fv2%2Ftags&post=1723"}],"curies":[{"name":"wp","href":"https:\/\/api.w.org\/{rel}","templated":true}]}}