{"id":1770,"date":"2013-06-25T21:40:59","date_gmt":"2013-06-25T19:40:59","guid":{"rendered":"http:\/\/www.dgs-fussball.de\/?p=1770"},"modified":"2013-06-25T21:40:59","modified_gmt":"2013-06-25T19:40:59","slug":"neuer-vereinsmitglied-gsg-cologne-2013","status":"publish","type":"post","link":"https:\/\/www.dgs-fussball.de\/?p=1770","title":{"rendered":"Neuer Vereinsmitglied: GSG Cologne 2013"},"content":{"rendered":"<p style=\"text-align: center;\">Liebe Mailempf\u00e4nger,<\/p>\n<p>hiermit geben wir bekannt, dass GSG Cologne 2013 e. V. unser neues Vereinsmitglied ist.<\/p>\n<p>GSG Cologne 2013 e. V.<br \/>\nKen Senan (1. Vorsitzender)<br \/>\nAm Lunapark 30<br \/>\n41749 Viersen<br \/>\ngsg.cologne(at)gmail.com<\/p>\n<p>Der Verein besteht aus 12 Mitgliedern und betreibt zur Zeit Fu\u00dfball.<\/p>\n<p>Mit freundlichen Gr\u00fc\u00dfen<\/p>\n<p style=\"text-align: center;\">Diana Aleksic<br \/>\nGesch\u00e4ftsf\u00fchrerin<br \/>\nGeh\u00f6rlosen-Sportverband Nordrhein-Westfalen<\/p>\n","protected":false},"excerpt":{"rendered":"<p>Liebe Mailempf\u00e4nger, hiermit geben wir bekannt, dass GSG Cologne 2013 e. V. unser neues Vereinsmitglied ist. GSG Cologne 2013 e. V. Ken Senan (1. Vorsitzender) Am Lunapark 30 41749 Viersen gsg.cologne(at)gmail.com Der Verein besteht aus 12 Mitgliedern und betreibt zur Zeit Fu\u00dfball. Mit freundlichen Gr\u00fc\u00dfen Diana Aleksic Gesch\u00e4ftsf\u00fchrerin Geh\u00f6rlosen-Sportverband Nordrhein-Westfalen<\/p>\n","protected":false},"author":1,"featured_media":0,"comment_status":"closed","ping_status":"closed","sticky":false,"template":"","format":"standard","meta":{"ngg_post_thumbnail":0,"footnotes":""},"categories":[1],"tags":[],"class_list":["post-1770","post","type-post","status-publish","format-standard","hentry","category-allgemein"],"_links":{"self":[{"href":"https:\/\/www.dgs-fussball.de\/index.php?rest_route=\/wp\/v2\/posts\/1770","targetHints":{"allow":["GET"]}}],"collection":[{"href":"https:\/\/www.dgs-fussball.de\/index.php?rest_route=\/wp\/v2\/posts"}],"about":[{"href":"https:\/\/www.dgs-fussball.de\/index.php?rest_route=\/wp\/v2\/types\/post"}],"author":[{"embeddable":true,"href":"https:\/\/www.dgs-fussball.de\/index.php?rest_route=\/wp\/v2\/users\/1"}],"replies":[{"embeddable":true,"href":"https:\/\/www.dgs-fussball.de\/index.php?rest_route=%2Fwp%2Fv2%2Fcomments&post=1770"}],"version-history":[{"count":2,"href":"https:\/\/www.dgs-fussball.de\/index.php?rest_route=\/wp\/v2\/posts\/1770\/revisions"}],"predecessor-version":[{"id":1772,"href":"https:\/\/www.dgs-fussball.de\/index.php?rest_route=\/wp\/v2\/posts\/1770\/revisions\/1772"}],"wp:attachment":[{"href":"https:\/\/www.dgs-fussball.de\/index.php?rest_route=%2Fwp%2Fv2%2Fmedia&parent=1770"}],"wp:term":[{"taxonomy":"category","embeddable":true,"href":"https:\/\/www.dgs-fussball.de\/index.php?rest_route=%2Fwp%2Fv2%2Fcategories&post=1770"},{"taxonomy":"post_tag","embeddable":true,"href":"https:\/\/www.dgs-fussball.de\/index.php?rest_route=%2Fwp%2Fv2%2Ftags&post=1770"}],"curies":[{"name":"wp","href":"https:\/\/api.w.org\/{rel}","templated":true}]}}