{"id":1773,"date":"2013-06-30T20:54:37","date_gmt":"2013-06-30T18:54:37","guid":{"rendered":"http:\/\/www.dgs-fussball.de\/?p=1773"},"modified":"2013-06-30T20:54:37","modified_gmt":"2013-06-30T18:54:37","slug":"fussballturnier-in-genua-am-12-oktober","status":"publish","type":"post","link":"https:\/\/www.dgs-fussball.de\/?p=1773","title":{"rendered":"Fussballturnier in Genua am 12. Oktober"},"content":{"rendered":"<p style=\"text-align: center;\">Bonjour<\/p>\n<p style=\"text-align: center;\">S&#8217;il vous pla\u00eet transf\u00e9rer \u00e0 tous les sports sourds En Suisse et Europe.<\/p>\n<p style=\"text-align: center;\">Nous remercions de votre collaboration.<\/p>\n<p style=\"text-align: center;\">Mehari Afewerki<br \/>\nSSG President<\/p>\n<p style=\"text-align: center;\"><strong>Anlage:<\/strong><br \/>\n<a href=\"https:\/\/www.dgs-fussball.de\/wordpress\/wp-content\/uploads\/2013\/06\/SSG_65ans_2013_JUBILE_Banquet_RAP1.pdf\">SSG_65ans_2013_JUBILE_Banquet_RAP<\/a><br \/>\n<a href=\"https:\/\/www.dgs-fussball.de\/wordpress\/wp-content\/uploads\/2013\/06\/SSG_65ans_2013_JUBILE_OK1.pdf\">SSG_65ans_2013_JUBILE_OK<\/a><\/p>\n","protected":false},"excerpt":{"rendered":"<p>Bonjour S&#8217;il vous pla\u00eet transf\u00e9rer \u00e0 tous les sports sourds En Suisse et Europe. Nous remercions de votre collaboration. Mehari Afewerki SSG President Anlage: SSG_65ans_2013_JUBILE_Banquet_RAP SSG_65ans_2013_JUBILE_OK<\/p>\n","protected":false},"author":1,"featured_media":0,"comment_status":"closed","ping_status":"closed","sticky":false,"template":"","format":"standard","meta":{"ngg_post_thumbnail":0,"footnotes":""},"categories":[5],"tags":[],"class_list":["post-1773","post","type-post","status-publish","format-standard","hentry","category-vereins-events"],"_links":{"self":[{"href":"https:\/\/www.dgs-fussball.de\/index.php?rest_route=\/wp\/v2\/posts\/1773","targetHints":{"allow":["GET"]}}],"collection":[{"href":"https:\/\/www.dgs-fussball.de\/index.php?rest_route=\/wp\/v2\/posts"}],"about":[{"href":"https:\/\/www.dgs-fussball.de\/index.php?rest_route=\/wp\/v2\/types\/post"}],"author":[{"embeddable":true,"href":"https:\/\/www.dgs-fussball.de\/index.php?rest_route=\/wp\/v2\/users\/1"}],"replies":[{"embeddable":true,"href":"https:\/\/www.dgs-fussball.de\/index.php?rest_route=%2Fwp%2Fv2%2Fcomments&post=1773"}],"version-history":[{"count":1,"href":"https:\/\/www.dgs-fussball.de\/index.php?rest_route=\/wp\/v2\/posts\/1773\/revisions"}],"predecessor-version":[{"id":1780,"href":"https:\/\/www.dgs-fussball.de\/index.php?rest_route=\/wp\/v2\/posts\/1773\/revisions\/1780"}],"wp:attachment":[{"href":"https:\/\/www.dgs-fussball.de\/index.php?rest_route=%2Fwp%2Fv2%2Fmedia&parent=1773"}],"wp:term":[{"taxonomy":"category","embeddable":true,"href":"https:\/\/www.dgs-fussball.de\/index.php?rest_route=%2Fwp%2Fv2%2Fcategories&post=1773"},{"taxonomy":"post_tag","embeddable":true,"href":"https:\/\/www.dgs-fussball.de\/index.php?rest_route=%2Fwp%2Fv2%2Ftags&post=1773"}],"curies":[{"name":"wp","href":"https:\/\/api.w.org\/{rel}","templated":true}]}}