{"id":1824,"date":"2013-07-15T14:37:45","date_gmt":"2013-07-15T12:37:45","guid":{"rendered":"http:\/\/www.dgs-fussball.de\/?p=1824"},"modified":"2013-07-15T14:37:45","modified_gmt":"2013-07-15T12:37:45","slug":"bayerischer-pokal-2013-5","status":"publish","type":"post","link":"https:\/\/www.dgs-fussball.de\/?p=1824","title":{"rendered":"Bayerischer Pokal 2013"},"content":{"rendered":"<p style=\"text-align: center;\"><img loading=\"lazy\" decoding=\"async\" class=\"aligncenter size-medium wp-image-1826\" alt=\"Rosenheim_06072013\" src=\"https:\/\/www.dgs-fussball.de\/wordpress\/wp-content\/uploads\/2013\/07\/Rosenheim_06072013-300x225.jpg\" width=\"300\" height=\"225\" srcset=\"https:\/\/www.dgs-fussball.de\/wordpress\/wp-content\/uploads\/2013\/07\/Rosenheim_06072013-300x225.jpg 300w, https:\/\/www.dgs-fussball.de\/wordpress\/wp-content\/uploads\/2013\/07\/Rosenheim_06072013.jpg 800w\" sizes=\"auto, (max-width: 300px) 100vw, 300px\" \/>Liebe Sportkameraden\/innen,<br \/>\ndas Endspiel der bayerischen Pokal hatte am 6. Juli2013 in Rosenheim stattgefunden: GSV Bamberg &#8211; GSV Augsburg 1:3 (1:1).<br \/>\nAnbei den neuesten Spielplan. Ein Dank f\u00fcr das Bild geht an J. Mahler, die uns zur Verf\u00fcgung gestellt hat.<br \/>\nMit sportlichen Gr\u00fc\u00dfen<br \/>\nJochen Noe<br \/>\nLandesfachwart<br \/>\nSparte Fu\u00dfball Bayern<\/p>\n<p style=\"text-align: center;\"><strong>Anlage:<\/strong><br \/>\n<a href=\"https:\/\/www.dgs-fussball.de\/wordpress\/wp-content\/uploads\/2013\/07\/pokal-2012-2013_09072013.pdf\">pokal 2012-2013_09072013<\/a><\/p>\n","protected":false},"excerpt":{"rendered":"<p>Liebe Sportkameraden\/innen, das Endspiel der bayerischen Pokal hatte am 6. Juli2013 in Rosenheim stattgefunden: GSV Bamberg &#8211; GSV Augsburg 1:3 (1:1). Anbei den neuesten Spielplan. Ein Dank f\u00fcr das Bild geht an J. Mahler, die uns zur Verf\u00fcgung gestellt hat. Mit sportlichen Gr\u00fc\u00dfen Jochen Noe Landesfachwart Sparte Fu\u00dfball Bayern Anlage: pokal 2012-2013_09072013<\/p>\n","protected":false},"author":1,"featured_media":0,"comment_status":"closed","ping_status":"closed","sticky":false,"template":"","format":"standard","meta":{"ngg_post_thumbnail":0,"footnotes":""},"categories":[33],"tags":[],"class_list":["post-1824","post","type-post","status-publish","format-standard","hentry","category-regional-bayern"],"_links":{"self":[{"href":"https:\/\/www.dgs-fussball.de\/index.php?rest_route=\/wp\/v2\/posts\/1824","targetHints":{"allow":["GET"]}}],"collection":[{"href":"https:\/\/www.dgs-fussball.de\/index.php?rest_route=\/wp\/v2\/posts"}],"about":[{"href":"https:\/\/www.dgs-fussball.de\/index.php?rest_route=\/wp\/v2\/types\/post"}],"author":[{"embeddable":true,"href":"https:\/\/www.dgs-fussball.de\/index.php?rest_route=\/wp\/v2\/users\/1"}],"replies":[{"embeddable":true,"href":"https:\/\/www.dgs-fussball.de\/index.php?rest_route=%2Fwp%2Fv2%2Fcomments&post=1824"}],"version-history":[{"count":1,"href":"https:\/\/www.dgs-fussball.de\/index.php?rest_route=\/wp\/v2\/posts\/1824\/revisions"}],"predecessor-version":[{"id":1827,"href":"https:\/\/www.dgs-fussball.de\/index.php?rest_route=\/wp\/v2\/posts\/1824\/revisions\/1827"}],"wp:attachment":[{"href":"https:\/\/www.dgs-fussball.de\/index.php?rest_route=%2Fwp%2Fv2%2Fmedia&parent=1824"}],"wp:term":[{"taxonomy":"category","embeddable":true,"href":"https:\/\/www.dgs-fussball.de\/index.php?rest_route=%2Fwp%2Fv2%2Fcategories&post=1824"},{"taxonomy":"post_tag","embeddable":true,"href":"https:\/\/www.dgs-fussball.de\/index.php?rest_route=%2Fwp%2Fv2%2Ftags&post=1824"}],"curies":[{"name":"wp","href":"https:\/\/api.w.org\/{rel}","templated":true}]}}