{"id":1863,"date":"2013-08-19T08:04:00","date_gmt":"2013-08-19T06:04:00","guid":{"rendered":"http:\/\/www.dgs-fussball.de\/?p=1863"},"modified":"2013-08-19T08:04:00","modified_gmt":"2013-08-19T06:04:00","slug":"aufhebung-der-vereinssperre-gegen-tuerk-gsc-duesseldorf","status":"publish","type":"post","link":"https:\/\/www.dgs-fussball.de\/?p=1863","title":{"rendered":"Aufhebung der Vereinssperre gegen T\u00fcrk. GSC D\u00fcsseldorf"},"content":{"rendered":"<p style=\"text-align: center;\"><strong>Liebe Mailempf\u00e4nger,<\/strong><\/p>\n<p style=\"text-align: center;\"><strong>hiermit wird die Vereinssperre gegen T\u00fcrk. GSC D\u00fcsseldorf aufgehoben. Der Verein geh\u00f6rt\u00a0wieder\u00a0der Sparte Fu\u00dfball im DGS an.<\/strong><\/p>\n<p style=\"text-align: center;\"><strong>Ich bitte um Kenntnisnahme und verbleibe<\/strong><\/p>\n<p style=\"text-align: center;\"><strong>mit sportlichen Gr\u00fc\u00dfen<\/strong><\/p>\n<p style=\"text-align: center;\"><strong>Dieter Wickert<br \/>\n<\/strong><strong>Verwaltungsstelle der Sparte Fu\u00dfball<\/strong><\/p>\n","protected":false},"excerpt":{"rendered":"<p>Liebe Mailempf\u00e4nger, hiermit wird die Vereinssperre gegen T\u00fcrk. GSC D\u00fcsseldorf aufgehoben. Der Verein geh\u00f6rt\u00a0wieder\u00a0der Sparte Fu\u00dfball im DGS an. Ich bitte um Kenntnisnahme und verbleibe mit sportlichen Gr\u00fc\u00dfen Dieter Wickert Verwaltungsstelle der Sparte Fu\u00dfball<\/p>\n","protected":false},"author":1,"featured_media":0,"comment_status":"closed","ping_status":"closed","sticky":false,"template":"","format":"standard","meta":{"ngg_post_thumbnail":0,"footnotes":""},"categories":[1],"tags":[],"class_list":["post-1863","post","type-post","status-publish","format-standard","hentry","category-allgemein"],"_links":{"self":[{"href":"https:\/\/www.dgs-fussball.de\/index.php?rest_route=\/wp\/v2\/posts\/1863","targetHints":{"allow":["GET"]}}],"collection":[{"href":"https:\/\/www.dgs-fussball.de\/index.php?rest_route=\/wp\/v2\/posts"}],"about":[{"href":"https:\/\/www.dgs-fussball.de\/index.php?rest_route=\/wp\/v2\/types\/post"}],"author":[{"embeddable":true,"href":"https:\/\/www.dgs-fussball.de\/index.php?rest_route=\/wp\/v2\/users\/1"}],"replies":[{"embeddable":true,"href":"https:\/\/www.dgs-fussball.de\/index.php?rest_route=%2Fwp%2Fv2%2Fcomments&post=1863"}],"version-history":[{"count":1,"href":"https:\/\/www.dgs-fussball.de\/index.php?rest_route=\/wp\/v2\/posts\/1863\/revisions"}],"predecessor-version":[{"id":1864,"href":"https:\/\/www.dgs-fussball.de\/index.php?rest_route=\/wp\/v2\/posts\/1863\/revisions\/1864"}],"wp:attachment":[{"href":"https:\/\/www.dgs-fussball.de\/index.php?rest_route=%2Fwp%2Fv2%2Fmedia&parent=1863"}],"wp:term":[{"taxonomy":"category","embeddable":true,"href":"https:\/\/www.dgs-fussball.de\/index.php?rest_route=%2Fwp%2Fv2%2Fcategories&post=1863"},{"taxonomy":"post_tag","embeddable":true,"href":"https:\/\/www.dgs-fussball.de\/index.php?rest_route=%2Fwp%2Fv2%2Ftags&post=1863"}],"curies":[{"name":"wp","href":"https:\/\/api.w.org\/{rel}","templated":true}]}}