{"id":1866,"date":"2013-08-21T09:32:09","date_gmt":"2013-08-21T07:32:09","guid":{"rendered":"http:\/\/www.dgs-fussball.de\/?p=1866"},"modified":"2013-08-21T09:32:09","modified_gmt":"2013-08-21T07:32:09","slug":"einladung-zur-ausserordentlichen-tagung-der-sparte-fussball-mit-wahl-am-5-oktober-2013-in-karlsruhe","status":"publish","type":"post","link":"https:\/\/www.dgs-fussball.de\/?p=1866","title":{"rendered":"Einladung zur au\u00dferordentlichen Tagung der Sparte Fu\u00dfball mit Wahl am 5. Oktober 2013 in Karlsruhe"},"content":{"rendered":"<p>Liebe Mailempf\u00e4ngerInnen,<br \/>\nmit dieser Mail lade ich form- und fristgerecht zur au\u00dferordentlichen Tagung der Sparte Fu\u00dfball mit Wahl ein. Sie findet statt am<\/p>\n<p>Samstag, den 5. Oktober 2013 im Geh\u00f6rlosenzentrum Karlsruhe, Im Jagdgrund 8, 76189 Karlsruhe. Einla\u00df ist um 10.00 Uhr.<\/p>\n<p>Hier die vorl\u00e4ufige Tagesordnung, als Beginn ist 10.30 Uhr festgelegt, Mittagessen gegen 12.45 Uhr, das Tagungsende ist f\u00fcr 17.00 Uhr geplant:<\/p>\n<p>01) Begr\u00fc\u00dfung<br \/>\n02) Feststellung der Anwesenden und Stimmberechtigung<br \/>\n03) Wahl eines Protokollf\u00fchrers<br \/>\n04) Kassenbericht 2012<br \/>\n05) Bericht der Kassenpr\u00fcfer<br \/>\n06) Wahl eines Wahlleiters<br \/>\n07) Wahl des Verbandsfachwarts und ggfl. weiterer \u00c4mter bzw. deren Best\u00e4tigung<br \/>\n08) Best\u00e4tigung event. Beschl\u00fcsse und Wahlen bei der Frauenfu\u00dfballtagung vom September 2013 in Dresden<br \/>\n09) Nochmalige Beratung und event. Beschlussfassung von zwei Antragspunkten des LGSV Baden-W\u00fcrttemberg vom Oktober 2012 in Dresden<br \/>\n10) Behandlung event. eingegangener Antr\u00e4ge<br \/>\n11) Verschiedenes<\/p>\n<p>Antr\u00e4ge zu Punkt 10 sind bitte bis zum 5. September 2013 an die Verwaltungsstelle der Sparte Fu\u00dfball, Dieter Wickert, Potsdamer Ring 5, 76344 Eggenstein zu richten. Bitte bis zu diesem Tag ebenfalls die Teilnahme \/ Nichtteilnahme mitteilen. F\u00fcr Anreise und ggfl. Unterkunft sind die LGSV selbst verantwortlich. Die SpartenmitarbeiterInnen werden gebeten, nach M\u00f6glichkeit DB Sparpreise zu buchen oder Fahrgemeinschaften, sofern m\u00f6glich, zu bilden. Im Monat September 2013 erfolgt dann die endg\u00fcltige Tagesordnung mit den event. eingegangenen Antr\u00e4gen.<\/p>\n<p>Mit sportlichen Gr\u00fc\u00dfen<br \/>\nDieter Wickert<br \/>\nVerwaltungsstelle der Sparte Fu\u00dfball<\/p>\n","protected":false},"excerpt":{"rendered":"<p>Liebe Mailempf\u00e4ngerInnen, mit dieser Mail lade ich form- und fristgerecht zur au\u00dferordentlichen Tagung der Sparte Fu\u00dfball mit Wahl ein. Sie findet statt am Samstag, den 5. Oktober 2013 im Geh\u00f6rlosenzentrum Karlsruhe, Im Jagdgrund 8, 76189 Karlsruhe. Einla\u00df ist um 10.00 Uhr. Hier die vorl\u00e4ufige Tagesordnung, als Beginn ist 10.30 Uhr festgelegt, Mittagessen gegen 12.45 Uhr, das Tagungsende ist f\u00fcr 17.00<\/p>\n","protected":false},"author":1,"featured_media":0,"comment_status":"closed","ping_status":"closed","sticky":false,"template":"","format":"standard","meta":{"ngg_post_thumbnail":0,"footnotes":""},"categories":[1],"tags":[],"class_list":["post-1866","post","type-post","status-publish","format-standard","hentry","category-allgemein"],"_links":{"self":[{"href":"https:\/\/www.dgs-fussball.de\/index.php?rest_route=\/wp\/v2\/posts\/1866","targetHints":{"allow":["GET"]}}],"collection":[{"href":"https:\/\/www.dgs-fussball.de\/index.php?rest_route=\/wp\/v2\/posts"}],"about":[{"href":"https:\/\/www.dgs-fussball.de\/index.php?rest_route=\/wp\/v2\/types\/post"}],"author":[{"embeddable":true,"href":"https:\/\/www.dgs-fussball.de\/index.php?rest_route=\/wp\/v2\/users\/1"}],"replies":[{"embeddable":true,"href":"https:\/\/www.dgs-fussball.de\/index.php?rest_route=%2Fwp%2Fv2%2Fcomments&post=1866"}],"version-history":[{"count":1,"href":"https:\/\/www.dgs-fussball.de\/index.php?rest_route=\/wp\/v2\/posts\/1866\/revisions"}],"predecessor-version":[{"id":1867,"href":"https:\/\/www.dgs-fussball.de\/index.php?rest_route=\/wp\/v2\/posts\/1866\/revisions\/1867"}],"wp:attachment":[{"href":"https:\/\/www.dgs-fussball.de\/index.php?rest_route=%2Fwp%2Fv2%2Fmedia&parent=1866"}],"wp:term":[{"taxonomy":"category","embeddable":true,"href":"https:\/\/www.dgs-fussball.de\/index.php?rest_route=%2Fwp%2Fv2%2Fcategories&post=1866"},{"taxonomy":"post_tag","embeddable":true,"href":"https:\/\/www.dgs-fussball.de\/index.php?rest_route=%2Fwp%2Fv2%2Ftags&post=1866"}],"curies":[{"name":"wp","href":"https:\/\/api.w.org\/{rel}","templated":true}]}}