{"id":1872,"date":"2013-09-16T16:17:14","date_gmt":"2013-09-16T14:17:14","guid":{"rendered":"http:\/\/www.dgs-fussball.de\/?p=1872"},"modified":"2013-09-16T16:17:14","modified_gmt":"2013-09-16T14:17:14","slug":"ruecktritt-von-joerg-kuefer-dgs-beauftragter-der-sparte-fussball-fuer-suedwestdeutschland","status":"publish","type":"post","link":"https:\/\/www.dgs-fussball.de\/?p=1872","title":{"rendered":"R\u00fccktritt von J\u00f6rg K\u00fcfer, DGS-Beauftragter der Sparte Fu\u00dfball f\u00fcr S\u00fcdwestdeutschland"},"content":{"rendered":"<p style=\"text-align: center;\">Liebe Sportkameraden,<\/p>\n<p style=\"text-align: center;\">zum 31. August 2013 hat J\u00f6rg K\u00fcfer sein Amt als DGS-Beauftragter der Sparte Fu\u00dfball f\u00fcr S\u00fcdwestdeutschland niedergelegt. Wir danken J\u00f6rg K\u00fcfer f\u00fcr seine Mitarbeit und w\u00fcnschen ihm alles Gute f\u00fcr die Zukunft. Vorl\u00e4ufig wird der Technische Leiter Herren Jens Becker den Bereich S\u00fcdwest mit \u00fcbernehmen.<br \/>\nAb dem 1. Oktober 2013 tritt dann Christian Wagner, R\u00f6merstra\u00dfe 9, 54346 Mehring, E-Mail folgt noch, die Nachfolge als neuer DGS-Beauftragter der Sparte Fu\u00dfball f\u00fcr S\u00fcdwestdeutschland an.<\/p>\n<p style=\"text-align: center;\">Mit sportlichen Gr\u00fc\u00dfen<br \/>\nDieter Wickert<br \/>\nVerwaltungsstelle der Sparte Fu\u00dfball<\/p>\n","protected":false},"excerpt":{"rendered":"<p>Liebe Sportkameraden, zum 31. August 2013 hat J\u00f6rg K\u00fcfer sein Amt als DGS-Beauftragter der Sparte Fu\u00dfball f\u00fcr S\u00fcdwestdeutschland niedergelegt. Wir danken J\u00f6rg K\u00fcfer f\u00fcr seine Mitarbeit und w\u00fcnschen ihm alles Gute f\u00fcr die Zukunft. Vorl\u00e4ufig wird der Technische Leiter Herren Jens Becker den Bereich S\u00fcdwest mit \u00fcbernehmen. Ab dem 1. Oktober 2013 tritt dann Christian Wagner, R\u00f6merstra\u00dfe 9, 54346 Mehring,<\/p>\n","protected":false},"author":1,"featured_media":0,"comment_status":"closed","ping_status":"closed","sticky":false,"template":"","format":"standard","meta":{"ngg_post_thumbnail":0,"footnotes":""},"categories":[1],"tags":[],"class_list":["post-1872","post","type-post","status-publish","format-standard","hentry","category-allgemein"],"_links":{"self":[{"href":"https:\/\/www.dgs-fussball.de\/index.php?rest_route=\/wp\/v2\/posts\/1872","targetHints":{"allow":["GET"]}}],"collection":[{"href":"https:\/\/www.dgs-fussball.de\/index.php?rest_route=\/wp\/v2\/posts"}],"about":[{"href":"https:\/\/www.dgs-fussball.de\/index.php?rest_route=\/wp\/v2\/types\/post"}],"author":[{"embeddable":true,"href":"https:\/\/www.dgs-fussball.de\/index.php?rest_route=\/wp\/v2\/users\/1"}],"replies":[{"embeddable":true,"href":"https:\/\/www.dgs-fussball.de\/index.php?rest_route=%2Fwp%2Fv2%2Fcomments&post=1872"}],"version-history":[{"count":1,"href":"https:\/\/www.dgs-fussball.de\/index.php?rest_route=\/wp\/v2\/posts\/1872\/revisions"}],"predecessor-version":[{"id":1873,"href":"https:\/\/www.dgs-fussball.de\/index.php?rest_route=\/wp\/v2\/posts\/1872\/revisions\/1873"}],"wp:attachment":[{"href":"https:\/\/www.dgs-fussball.de\/index.php?rest_route=%2Fwp%2Fv2%2Fmedia&parent=1872"}],"wp:term":[{"taxonomy":"category","embeddable":true,"href":"https:\/\/www.dgs-fussball.de\/index.php?rest_route=%2Fwp%2Fv2%2Fcategories&post=1872"},{"taxonomy":"post_tag","embeddable":true,"href":"https:\/\/www.dgs-fussball.de\/index.php?rest_route=%2Fwp%2Fv2%2Ftags&post=1872"}],"curies":[{"name":"wp","href":"https:\/\/api.w.org\/{rel}","templated":true}]}}