{"id":2075,"date":"2013-11-18T10:17:08","date_gmt":"2013-11-18T08:17:08","guid":{"rendered":"http:\/\/www.dgs-fussball.de\/?p=2075"},"modified":"2013-11-18T10:17:08","modified_gmt":"2013-11-18T08:17:08","slug":"spende-an-deutsche-gehoerlosen-nationalmannschaft","status":"publish","type":"post","link":"https:\/\/www.dgs-fussball.de\/?p=2075","title":{"rendered":"Spende an Deutsche Geh\u00f6rlosen-Nationalmannschaft"},"content":{"rendered":"<p style=\"text-align: center;\">Wie wir schon des \u00d6fteren berichtet haben, fanden in diesem Jahr mehrere Veranstaltungen von kicken&amp;lesen statt. Im Sommer besuchten die Lesekicker, Sabine Gebhart (Schirmherrin des Projekts) sowie Vertreter des Leseforums und des SV-Huchenfeld die Deutsche Geh\u00f6rlosen-Nationalmannschaft auf der Sportschule Sch\u00f6neck. Auf der R\u00fcckfahrt beschlossen wir, der Mannschaft finanziell unter die Arme zu greifen, denn die Spieler m\u00fcssen f\u00fcr Ihre Anreise zu einem Fu\u00dfballspiel selbst die Kosten tragen und Urlaubstage daf\u00fcr opfern.<\/p>\n<p style=\"text-align: center;\">Frau Gebhart hatte die Idee, bei der B\u00fcrgermeisterschaft einen Malwettbewerb f\u00fcr die sch\u00f6nsten Keibel anzubieten und die Bilder f\u00fcr die Geh\u00f6rlosen zu versteigern. Gesagt \u2013 getan: Es kamen mehr Spenden, auch durch private F\u00f6rderer, als erwartet zusammen und sie hatte am Ende 650 Euro gesammelt.<\/p>\n<p style=\"text-align: center;\">Am Freitag, dem 8. November folgten somit sehr gerne die Vertreter der Deutschen Geh\u00f6rlosen-Nationalmannschaft, Dieter Wickert (Verbandsfachwart) und Frank Z\u00fcrn (Trainer), der Einladung von Frau Gebhart ins Huchenfelder Rathaus. Einige Lesekicker, Mitwirkende des Projektes sowie des Ortschaftsrates waren ebenfalls anwesend.<\/p>\n<p style=\"text-align: center;\">\u201eSo eine Spende hatte es bislang noch nie gegeben\u201c, sagte Frank Z\u00fcrn bei der \u00dcbergabe des Schecks. Als Dankesch\u00f6n \u00fcbergab er einen Wimpel sowie Chroniken des Geh\u00f6rlosen-Verbandes. Frau Schnabel \u00fcberreichte den Lesekickern noch eine Urkunde der Baden-W\u00fcrttemberg-Stiftung und eine Collage der zahlreichen Veranstaltungen.<\/p>\n<p style=\"text-align: center;\">Ein gro\u00dfer Abschluss f\u00fcr ein erfolgreiches Projekt mit vielen positiven Erinnerungen.<\/p>\n<p style=\"text-align: center;\">UK<\/p>\n<p style=\"text-align: center;\">&#8211; Huchenfelder LESEFORUM e. V. &#8211;<\/p>\n<p style=\"text-align: center;\"><a href=\"https:\/\/www.dgs-fussball.de\/wordpress\/wp-content\/uploads\/2013\/11\/IMG_6828.jpg\"><img loading=\"lazy\" decoding=\"async\" class=\"aligncenter size-medium wp-image-2076\" alt=\"IMG_6828\" src=\"https:\/\/www.dgs-fussball.de\/wordpress\/wp-content\/uploads\/2013\/11\/IMG_6828-300x199.jpg\" width=\"300\" height=\"199\" srcset=\"https:\/\/www.dgs-fussball.de\/wordpress\/wp-content\/uploads\/2013\/11\/IMG_6828-300x199.jpg 300w, https:\/\/www.dgs-fussball.de\/wordpress\/wp-content\/uploads\/2013\/11\/IMG_6828-1024x680.jpg 1024w, https:\/\/www.dgs-fussball.de\/wordpress\/wp-content\/uploads\/2013\/11\/IMG_6828.jpg 2048w\" sizes=\"auto, (max-width: 300px) 100vw, 300px\" \/><\/a> <a href=\"https:\/\/www.dgs-fussball.de\/wordpress\/wp-content\/uploads\/2013\/11\/IMG_6830.jpg\"><img loading=\"lazy\" decoding=\"async\" class=\"aligncenter size-medium wp-image-2077\" alt=\"IMG_6830\" src=\"https:\/\/www.dgs-fussball.de\/wordpress\/wp-content\/uploads\/2013\/11\/IMG_6830-300x199.jpg\" width=\"300\" height=\"199\" srcset=\"https:\/\/www.dgs-fussball.de\/wordpress\/wp-content\/uploads\/2013\/11\/IMG_6830-300x199.jpg 300w, https:\/\/www.dgs-fussball.de\/wordpress\/wp-content\/uploads\/2013\/11\/IMG_6830-1024x680.jpg 1024w, https:\/\/www.dgs-fussball.de\/wordpress\/wp-content\/uploads\/2013\/11\/IMG_6830.jpg 2048w\" sizes=\"auto, (max-width: 300px) 100vw, 300px\" \/><\/a><\/p>\n","protected":false},"excerpt":{"rendered":"<p>Wie wir schon des \u00d6fteren berichtet haben, fanden in diesem Jahr mehrere Veranstaltungen von kicken&amp;lesen statt. Im Sommer besuchten die Lesekicker, Sabine Gebhart (Schirmherrin des Projekts) sowie Vertreter des Leseforums und des SV-Huchenfeld die Deutsche Geh\u00f6rlosen-Nationalmannschaft auf der Sportschule Sch\u00f6neck. Auf der R\u00fcckfahrt beschlossen wir, der Mannschaft finanziell unter die Arme zu greifen, denn die Spieler m\u00fcssen f\u00fcr Ihre Anreise<\/p>\n","protected":false},"author":1,"featured_media":0,"comment_status":"closed","ping_status":"closed","sticky":false,"template":"","format":"standard","meta":{"ngg_post_thumbnail":0,"footnotes":""},"categories":[1],"tags":[],"class_list":["post-2075","post","type-post","status-publish","format-standard","hentry","category-allgemein"],"_links":{"self":[{"href":"https:\/\/www.dgs-fussball.de\/index.php?rest_route=\/wp\/v2\/posts\/2075","targetHints":{"allow":["GET"]}}],"collection":[{"href":"https:\/\/www.dgs-fussball.de\/index.php?rest_route=\/wp\/v2\/posts"}],"about":[{"href":"https:\/\/www.dgs-fussball.de\/index.php?rest_route=\/wp\/v2\/types\/post"}],"author":[{"embeddable":true,"href":"https:\/\/www.dgs-fussball.de\/index.php?rest_route=\/wp\/v2\/users\/1"}],"replies":[{"embeddable":true,"href":"https:\/\/www.dgs-fussball.de\/index.php?rest_route=%2Fwp%2Fv2%2Fcomments&post=2075"}],"version-history":[{"count":1,"href":"https:\/\/www.dgs-fussball.de\/index.php?rest_route=\/wp\/v2\/posts\/2075\/revisions"}],"predecessor-version":[{"id":2078,"href":"https:\/\/www.dgs-fussball.de\/index.php?rest_route=\/wp\/v2\/posts\/2075\/revisions\/2078"}],"wp:attachment":[{"href":"https:\/\/www.dgs-fussball.de\/index.php?rest_route=%2Fwp%2Fv2%2Fmedia&parent=2075"}],"wp:term":[{"taxonomy":"category","embeddable":true,"href":"https:\/\/www.dgs-fussball.de\/index.php?rest_route=%2Fwp%2Fv2%2Fcategories&post=2075"},{"taxonomy":"post_tag","embeddable":true,"href":"https:\/\/www.dgs-fussball.de\/index.php?rest_route=%2Fwp%2Fv2%2Ftags&post=2075"}],"curies":[{"name":"wp","href":"https:\/\/api.w.org\/{rel}","templated":true}]}}