{"id":2128,"date":"2013-12-10T11:48:53","date_gmt":"2013-12-10T09:48:53","guid":{"rendered":"http:\/\/www.dgs-fussball.de\/?p=2128"},"modified":"2013-12-10T11:50:10","modified_gmt":"2013-12-10T09:50:10","slug":"ergebnisse-der-landesmeisterschaft-der-herren-im-futsal","status":"publish","type":"post","link":"https:\/\/www.dgs-fussball.de\/?p=2128","title":{"rendered":"BaW\u00fc: Ergebnisse der Landesmeisterschaft der Herren im Futsal"},"content":{"rendered":"<p style=\"text-align: center;\">Liebe Sportkameraden,<\/p>\n<p style=\"text-align: center;\">im Anhang findet ihr die Ergebnisse von der baden-W\u00fcrttembergische Landesmeisterschaft der Herren im Futsal.<\/p>\n<p style=\"text-align: center;\">Den Zeitungsbericht, die heute in der Reutlinger General Anzeiger erschienen ist, sende ich euch auch zu.<\/p>\n<p style=\"text-align: center;\">Mit sportlichen Gr\u00fc\u00dfen<\/p>\n<p style=\"text-align: center;\">Paul Neu<br \/>\nTechnischer Leiter Sparte Fu\u00dfball<br \/>\nGSV Baden-W\u00fcrttemberg<\/p>\n<p style=\"text-align: center;\"><strong>Anlage:<\/strong><br \/>\n<a href=\"https:\/\/www.dgs-fussball.de\/wordpress\/wp-content\/uploads\/2013\/12\/ERGEBNISSE-FUTSAL-HERREN-20131.pdf\">ERGEBNISSE FUTSAL HERREN 2013<\/a><a href=\"https:\/\/www.dgs-fussball.de\/wordpress\/wp-content\/uploads\/2013\/12\/30131209_Zeitungsbericht_ReutlingerGeneralAnzeiger1.jpeg\"><img loading=\"lazy\" decoding=\"async\" class=\"aligncenter size-medium wp-image-2132\" alt=\"30131209_Zeitungsbericht_ReutlingerGeneralAnzeiger\" src=\"https:\/\/www.dgs-fussball.de\/wordpress\/wp-content\/uploads\/2013\/12\/30131209_Zeitungsbericht_ReutlingerGeneralAnzeiger1-274x300.jpeg\" width=\"274\" height=\"300\" srcset=\"https:\/\/www.dgs-fussball.de\/wordpress\/wp-content\/uploads\/2013\/12\/30131209_Zeitungsbericht_ReutlingerGeneralAnzeiger1-274x300.jpeg 274w, https:\/\/www.dgs-fussball.de\/wordpress\/wp-content\/uploads\/2013\/12\/30131209_Zeitungsbericht_ReutlingerGeneralAnzeiger1.jpeg 879w\" sizes=\"auto, (max-width: 274px) 100vw, 274px\" \/><\/a><span style=\"text-decoration: underline;\">\u00a0<\/span><\/p>\n","protected":false},"excerpt":{"rendered":"<p>Liebe Sportkameraden, im Anhang findet ihr die Ergebnisse von der baden-W\u00fcrttembergische Landesmeisterschaft der Herren im Futsal. Den Zeitungsbericht, die heute in der Reutlinger General Anzeiger erschienen ist, sende ich euch auch zu. Mit sportlichen Gr\u00fc\u00dfen Paul Neu Technischer Leiter Sparte Fu\u00dfball GSV Baden-W\u00fcrttemberg Anlage: ERGEBNISSE FUTSAL HERREN 2013\u00a0<\/p>\n","protected":false},"author":1,"featured_media":0,"comment_status":"closed","ping_status":"closed","sticky":false,"template":"","format":"standard","meta":{"ngg_post_thumbnail":0,"footnotes":""},"categories":[32],"tags":[],"class_list":["post-2128","post","type-post","status-publish","format-standard","hentry","category-regional-suedwest"],"_links":{"self":[{"href":"https:\/\/www.dgs-fussball.de\/index.php?rest_route=\/wp\/v2\/posts\/2128","targetHints":{"allow":["GET"]}}],"collection":[{"href":"https:\/\/www.dgs-fussball.de\/index.php?rest_route=\/wp\/v2\/posts"}],"about":[{"href":"https:\/\/www.dgs-fussball.de\/index.php?rest_route=\/wp\/v2\/types\/post"}],"author":[{"embeddable":true,"href":"https:\/\/www.dgs-fussball.de\/index.php?rest_route=\/wp\/v2\/users\/1"}],"replies":[{"embeddable":true,"href":"https:\/\/www.dgs-fussball.de\/index.php?rest_route=%2Fwp%2Fv2%2Fcomments&post=2128"}],"version-history":[{"count":2,"href":"https:\/\/www.dgs-fussball.de\/index.php?rest_route=\/wp\/v2\/posts\/2128\/revisions"}],"predecessor-version":[{"id":2134,"href":"https:\/\/www.dgs-fussball.de\/index.php?rest_route=\/wp\/v2\/posts\/2128\/revisions\/2134"}],"wp:attachment":[{"href":"https:\/\/www.dgs-fussball.de\/index.php?rest_route=%2Fwp%2Fv2%2Fmedia&parent=2128"}],"wp:term":[{"taxonomy":"category","embeddable":true,"href":"https:\/\/www.dgs-fussball.de\/index.php?rest_route=%2Fwp%2Fv2%2Fcategories&post=2128"},{"taxonomy":"post_tag","embeddable":true,"href":"https:\/\/www.dgs-fussball.de\/index.php?rest_route=%2Fwp%2Fv2%2Ftags&post=2128"}],"curies":[{"name":"wp","href":"https:\/\/api.w.org\/{rel}","templated":true}]}}