{"id":2385,"date":"2014-05-23T10:17:44","date_gmt":"2014-05-23T08:17:44","guid":{"rendered":"http:\/\/www.dgs-fussball.de\/?p=2385"},"modified":"2014-05-23T10:17:44","modified_gmt":"2014-05-23T08:17:44","slug":"ergebnisse-der-baden-wuerttembergische-verbandspokalmeisterschaft-viertelfinale","status":"publish","type":"post","link":"https:\/\/www.dgs-fussball.de\/?p=2385","title":{"rendered":"Ergebnisse der Baden-W\u00fcrttembergische Verbandspokalmeisterschaft (Viertelfinale)"},"content":{"rendered":"<p style=\"text-align: center;\">Liebe Fu\u00dfballkameraden,<\/p>\n<p style=\"text-align: center;\">anbei sende ich euch die Ergebnisse der Baden-W\u00fcrttembergische Verbandspokalmeisterschaft (Viertelfinale), siehe Anhang.<\/p>\n<p style=\"text-align: center;\">Die Halbfinalspiele finden am 12. Juli 2014 statt.<\/p>\n<p style=\"text-align: center;\">Mit sportlichen Gr\u00fc\u00dfen<\/p>\n<p style=\"text-align: center;\">Paul Neu<br \/>\nTechnischer Leiter Sparte Fu\u00dfball<br \/>\nGSV Baden-W\u00fcrttemberg<\/p>\n<p style=\"text-align: center;\"><strong>Anlage:<\/strong><br \/>\n<a href=\"https:\/\/www.dgs-fussball.de\/wordpress\/wp-content\/uploads\/2014\/05\/20140522_Modus-VP-GF-Herren-2014.pdf\">20140522_Modus VP GF Herren 2014<\/a><\/p>\n","protected":false},"excerpt":{"rendered":"<p>Liebe Fu\u00dfballkameraden, anbei sende ich euch die Ergebnisse der Baden-W\u00fcrttembergische Verbandspokalmeisterschaft (Viertelfinale), siehe Anhang. Die Halbfinalspiele finden am 12. Juli 2014 statt. Mit sportlichen Gr\u00fc\u00dfen Paul Neu Technischer Leiter Sparte Fu\u00dfball GSV Baden-W\u00fcrttemberg Anlage: 20140522_Modus VP GF Herren 2014<\/p>\n","protected":false},"author":1,"featured_media":0,"comment_status":"closed","ping_status":"closed","sticky":false,"template":"","format":"standard","meta":{"ngg_post_thumbnail":0,"footnotes":""},"categories":[32],"tags":[],"class_list":["post-2385","post","type-post","status-publish","format-standard","hentry","category-regional-suedwest"],"_links":{"self":[{"href":"https:\/\/www.dgs-fussball.de\/index.php?rest_route=\/wp\/v2\/posts\/2385","targetHints":{"allow":["GET"]}}],"collection":[{"href":"https:\/\/www.dgs-fussball.de\/index.php?rest_route=\/wp\/v2\/posts"}],"about":[{"href":"https:\/\/www.dgs-fussball.de\/index.php?rest_route=\/wp\/v2\/types\/post"}],"author":[{"embeddable":true,"href":"https:\/\/www.dgs-fussball.de\/index.php?rest_route=\/wp\/v2\/users\/1"}],"replies":[{"embeddable":true,"href":"https:\/\/www.dgs-fussball.de\/index.php?rest_route=%2Fwp%2Fv2%2Fcomments&post=2385"}],"version-history":[{"count":1,"href":"https:\/\/www.dgs-fussball.de\/index.php?rest_route=\/wp\/v2\/posts\/2385\/revisions"}],"predecessor-version":[{"id":2387,"href":"https:\/\/www.dgs-fussball.de\/index.php?rest_route=\/wp\/v2\/posts\/2385\/revisions\/2387"}],"wp:attachment":[{"href":"https:\/\/www.dgs-fussball.de\/index.php?rest_route=%2Fwp%2Fv2%2Fmedia&parent=2385"}],"wp:term":[{"taxonomy":"category","embeddable":true,"href":"https:\/\/www.dgs-fussball.de\/index.php?rest_route=%2Fwp%2Fv2%2Fcategories&post=2385"},{"taxonomy":"post_tag","embeddable":true,"href":"https:\/\/www.dgs-fussball.de\/index.php?rest_route=%2Fwp%2Fv2%2Ftags&post=2385"}],"curies":[{"name":"wp","href":"https:\/\/api.w.org\/{rel}","templated":true}]}}