{"id":2393,"date":"2014-05-27T11:16:43","date_gmt":"2014-05-27T09:16:43","guid":{"rendered":"http:\/\/www.dgs-fussball.de\/?p=2393"},"modified":"2014-05-27T11:16:43","modified_gmt":"2014-05-27T09:16:43","slug":"neue-spartenleitung-in-baden-wuerttemberg","status":"publish","type":"post","link":"https:\/\/www.dgs-fussball.de\/?p=2393","title":{"rendered":"Neue Spartenleitung in Baden-W\u00fcrttemberg"},"content":{"rendered":"<p style=\"text-align: center;\">Liebe Fu\u00dfballfreunde,<\/p>\n<p style=\"text-align: center;\">hiermit m\u00f6chte ich Euch mitteilen:<\/p>\n<p style=\"text-align: center;\">Die Tagung von gestern in Friedrichshafen hat die Spartenleitung f\u00fcr <span style=\"text-decoration: underline;\"><strong>zwei Jahren (bis 2016)<\/strong><\/span> neu gew\u00e4hlt.<\/p>\n<p style=\"text-align: center;\"><strong>Landesfachwart David Heymel<\/strong><br \/>\n<strong> Technischer Leiter Benjamin Heymel<\/strong><\/p>\n<p style=\"text-align: center;\">Mit sportlichen Gr\u00fc\u00dfen<\/p>\n<p style=\"text-align: center;\">David Heymel, Landesfu\u00dfballwart<br \/>\nGSV Baden-W\u00fcrttemberg<\/p>\n","protected":false},"excerpt":{"rendered":"<p>Liebe Fu\u00dfballfreunde, hiermit m\u00f6chte ich Euch mitteilen: Die Tagung von gestern in Friedrichshafen hat die Spartenleitung f\u00fcr zwei Jahren (bis 2016) neu gew\u00e4hlt. Landesfachwart David Heymel Technischer Leiter Benjamin Heymel Mit sportlichen Gr\u00fc\u00dfen David Heymel, Landesfu\u00dfballwart GSV Baden-W\u00fcrttemberg<\/p>\n","protected":false},"author":1,"featured_media":0,"comment_status":"closed","ping_status":"closed","sticky":false,"template":"","format":"standard","meta":{"ngg_post_thumbnail":0,"footnotes":""},"categories":[32],"tags":[],"class_list":["post-2393","post","type-post","status-publish","format-standard","hentry","category-regional-suedwest"],"_links":{"self":[{"href":"https:\/\/www.dgs-fussball.de\/index.php?rest_route=\/wp\/v2\/posts\/2393","targetHints":{"allow":["GET"]}}],"collection":[{"href":"https:\/\/www.dgs-fussball.de\/index.php?rest_route=\/wp\/v2\/posts"}],"about":[{"href":"https:\/\/www.dgs-fussball.de\/index.php?rest_route=\/wp\/v2\/types\/post"}],"author":[{"embeddable":true,"href":"https:\/\/www.dgs-fussball.de\/index.php?rest_route=\/wp\/v2\/users\/1"}],"replies":[{"embeddable":true,"href":"https:\/\/www.dgs-fussball.de\/index.php?rest_route=%2Fwp%2Fv2%2Fcomments&post=2393"}],"version-history":[{"count":1,"href":"https:\/\/www.dgs-fussball.de\/index.php?rest_route=\/wp\/v2\/posts\/2393\/revisions"}],"predecessor-version":[{"id":2394,"href":"https:\/\/www.dgs-fussball.de\/index.php?rest_route=\/wp\/v2\/posts\/2393\/revisions\/2394"}],"wp:attachment":[{"href":"https:\/\/www.dgs-fussball.de\/index.php?rest_route=%2Fwp%2Fv2%2Fmedia&parent=2393"}],"wp:term":[{"taxonomy":"category","embeddable":true,"href":"https:\/\/www.dgs-fussball.de\/index.php?rest_route=%2Fwp%2Fv2%2Fcategories&post=2393"},{"taxonomy":"post_tag","embeddable":true,"href":"https:\/\/www.dgs-fussball.de\/index.php?rest_route=%2Fwp%2Fv2%2Ftags&post=2393"}],"curies":[{"name":"wp","href":"https:\/\/api.w.org\/{rel}","templated":true}]}}