{"id":2469,"date":"2014-07-16T07:43:25","date_gmt":"2014-07-16T05:43:25","guid":{"rendered":"http:\/\/www.dgs-fussball.de\/?p=2469"},"modified":"2014-07-16T07:43:25","modified_gmt":"2014-07-16T05:43:25","slug":"bawue-ergebnisse-vom-verbandspokalmeisterschaft-der-herren-auf-dem-kleinfeld","status":"publish","type":"post","link":"https:\/\/www.dgs-fussball.de\/?p=2469","title":{"rendered":"BaW\u00fc: Ergebnisse vom Verbandspokalmeisterschaft der Herren auf dem Kleinfeld"},"content":{"rendered":"<p style=\"text-align: center;\">Liebe Fu\u00dfballfreunde,<\/p>\n<p style=\"text-align: center;\">anbei sende ich Euch die Ergebnisse vom o.g. Verbandspokalmeisterschaft zu.<\/p>\n<p style=\"text-align: center;\">Mit sportlichen Gr\u00fc\u00dfen<\/p>\n<p style=\"text-align: center;\">David Heymel, Landesfu\u00dfballwart<br \/>\nGSV Baden-W\u00fcrttemberg<\/p>\n<p style=\"text-align: center;\"><strong>Anlage:<\/strong><br \/>\n<a href=\"https:\/\/www.dgs-fussball.de\/wordpress\/wp-content\/uploads\/2014\/07\/ERGEBNISSE-HERREN.pdf\">ERGEBNISSE HERREN<\/a><\/p>\n","protected":false},"excerpt":{"rendered":"<p>Liebe Fu\u00dfballfreunde, anbei sende ich Euch die Ergebnisse vom o.g. Verbandspokalmeisterschaft zu. Mit sportlichen Gr\u00fc\u00dfen David Heymel, Landesfu\u00dfballwart GSV Baden-W\u00fcrttemberg Anlage: ERGEBNISSE HERREN<\/p>\n","protected":false},"author":1,"featured_media":0,"comment_status":"closed","ping_status":"closed","sticky":false,"template":"","format":"standard","meta":{"ngg_post_thumbnail":0,"footnotes":""},"categories":[32],"tags":[],"class_list":["post-2469","post","type-post","status-publish","format-standard","hentry","category-regional-suedwest"],"_links":{"self":[{"href":"https:\/\/www.dgs-fussball.de\/index.php?rest_route=\/wp\/v2\/posts\/2469","targetHints":{"allow":["GET"]}}],"collection":[{"href":"https:\/\/www.dgs-fussball.de\/index.php?rest_route=\/wp\/v2\/posts"}],"about":[{"href":"https:\/\/www.dgs-fussball.de\/index.php?rest_route=\/wp\/v2\/types\/post"}],"author":[{"embeddable":true,"href":"https:\/\/www.dgs-fussball.de\/index.php?rest_route=\/wp\/v2\/users\/1"}],"replies":[{"embeddable":true,"href":"https:\/\/www.dgs-fussball.de\/index.php?rest_route=%2Fwp%2Fv2%2Fcomments&post=2469"}],"version-history":[{"count":1,"href":"https:\/\/www.dgs-fussball.de\/index.php?rest_route=\/wp\/v2\/posts\/2469\/revisions"}],"predecessor-version":[{"id":2471,"href":"https:\/\/www.dgs-fussball.de\/index.php?rest_route=\/wp\/v2\/posts\/2469\/revisions\/2471"}],"wp:attachment":[{"href":"https:\/\/www.dgs-fussball.de\/index.php?rest_route=%2Fwp%2Fv2%2Fmedia&parent=2469"}],"wp:term":[{"taxonomy":"category","embeddable":true,"href":"https:\/\/www.dgs-fussball.de\/index.php?rest_route=%2Fwp%2Fv2%2Fcategories&post=2469"},{"taxonomy":"post_tag","embeddable":true,"href":"https:\/\/www.dgs-fussball.de\/index.php?rest_route=%2Fwp%2Fv2%2Ftags&post=2469"}],"curies":[{"name":"wp","href":"https:\/\/api.w.org\/{rel}","templated":true}]}}