{"id":2482,"date":"2014-07-27T15:41:31","date_gmt":"2014-07-27T13:41:31","guid":{"rendered":"http:\/\/www.dgs-fussball.de\/?p=2482"},"modified":"2014-07-27T15:41:31","modified_gmt":"2014-07-27T13:41:31","slug":"tagung-der-sparte-fussball-am-10-11-oktober-2014-in-koeln","status":"publish","type":"post","link":"https:\/\/www.dgs-fussball.de\/?p=2482","title":{"rendered":"Tagung der Sparte Fu\u00dfball am 10.\/11. Oktober 2014 in K\u00f6ln"},"content":{"rendered":"<p style=\"text-align: center;\">Liebe SpartenmitarbeiterInnen, liebe Mailempf\u00e4ngerInnen,<\/p>\n<p style=\"text-align: center;\">in der Anlage die Einladung zur Tagung der Sparte Fu\u00dfball mit Wahl am 10.\/11. Oktober 2014 in K\u00f6ln. Bitte die Anmeldung und auch Antr\u00e4ge \/ T\u00e4tigkeitsberichte (sofern m\u00f6glich), bis sp\u00e4testens 24. August 2014 bei mir abgeben. Danke im Voraus und<\/p>\n<p style=\"text-align: center;\">mit sportlichen Gr\u00fc\u00dfen<br \/>\nDieter Wickert<br \/>\nVerbandsfu\u00dfballwart<\/p>\n<p style=\"text-align: center;\"><strong>Anlage:<\/strong><br \/>\n<a href=\"https:\/\/www.dgs-fussball.de\/wordpress\/wp-content\/uploads\/2014\/07\/Tagung-der-Sparte-Fu\u00dfball-mit-Wahl-2014-Einladung.pdf\">Tagung der Sparte Fu\u00dfball mit Wahl 2014, Einladung<\/a><\/p>\n","protected":false},"excerpt":{"rendered":"<p>Liebe SpartenmitarbeiterInnen, liebe Mailempf\u00e4ngerInnen, in der Anlage die Einladung zur Tagung der Sparte Fu\u00dfball mit Wahl am 10.\/11. Oktober 2014 in K\u00f6ln. Bitte die Anmeldung und auch Antr\u00e4ge \/ T\u00e4tigkeitsberichte (sofern m\u00f6glich), bis sp\u00e4testens 24. August 2014 bei mir abgeben. Danke im Voraus und mit sportlichen Gr\u00fc\u00dfen Dieter Wickert Verbandsfu\u00dfballwart Anlage: Tagung der Sparte Fu\u00dfball mit Wahl 2014, Einladung<\/p>\n","protected":false},"author":1,"featured_media":0,"comment_status":"closed","ping_status":"closed","sticky":false,"template":"","format":"standard","meta":{"ngg_post_thumbnail":0,"footnotes":""},"categories":[1],"tags":[],"class_list":["post-2482","post","type-post","status-publish","format-standard","hentry","category-allgemein"],"_links":{"self":[{"href":"https:\/\/www.dgs-fussball.de\/index.php?rest_route=\/wp\/v2\/posts\/2482","targetHints":{"allow":["GET"]}}],"collection":[{"href":"https:\/\/www.dgs-fussball.de\/index.php?rest_route=\/wp\/v2\/posts"}],"about":[{"href":"https:\/\/www.dgs-fussball.de\/index.php?rest_route=\/wp\/v2\/types\/post"}],"author":[{"embeddable":true,"href":"https:\/\/www.dgs-fussball.de\/index.php?rest_route=\/wp\/v2\/users\/1"}],"replies":[{"embeddable":true,"href":"https:\/\/www.dgs-fussball.de\/index.php?rest_route=%2Fwp%2Fv2%2Fcomments&post=2482"}],"version-history":[{"count":1,"href":"https:\/\/www.dgs-fussball.de\/index.php?rest_route=\/wp\/v2\/posts\/2482\/revisions"}],"predecessor-version":[{"id":2484,"href":"https:\/\/www.dgs-fussball.de\/index.php?rest_route=\/wp\/v2\/posts\/2482\/revisions\/2484"}],"wp:attachment":[{"href":"https:\/\/www.dgs-fussball.de\/index.php?rest_route=%2Fwp%2Fv2%2Fmedia&parent=2482"}],"wp:term":[{"taxonomy":"category","embeddable":true,"href":"https:\/\/www.dgs-fussball.de\/index.php?rest_route=%2Fwp%2Fv2%2Fcategories&post=2482"},{"taxonomy":"post_tag","embeddable":true,"href":"https:\/\/www.dgs-fussball.de\/index.php?rest_route=%2Fwp%2Fv2%2Ftags&post=2482"}],"curies":[{"name":"wp","href":"https:\/\/api.w.org\/{rel}","templated":true}]}}