{"id":2494,"date":"2014-08-09T16:58:26","date_gmt":"2014-08-09T14:58:26","guid":{"rendered":"http:\/\/www.dgs-fussball.de\/?p=2494"},"modified":"2014-08-09T16:58:26","modified_gmt":"2014-08-09T14:58:26","slug":"senheit-vom-technischen-leiter-herren-im-dgs-fussball","status":"publish","type":"post","link":"https:\/\/www.dgs-fussball.de\/?p=2494","title":{"rendered":"senheit vom Technischen Leiter Herren im DGS Fu\u00dfball"},"content":{"rendered":"<p style=\"text-align: center;\">Liebe Mailempf\u00e4nger,<\/p>\n<p style=\"text-align: center;\">ich bin von Samstag, 02. August bis 23. August im Familienurlaub verreist.<\/p>\n<p style=\"text-align: center;\">Eingehende Mails werden nicht weitergeleitet. Bei dringenden F\u00e4llen ist bitte Dieter Wickert, Verbandsfu\u00dfballwart, anzuwenden, jedoch wird hingewiesen, dass die Mails nicht gleich bearbeitet werden.<\/p>\n<p style=\"text-align: center;\">Viele Gr\u00fc\u00dfe<\/p>\n<p style=\"text-align: center;\">Jens Becker<br \/>\nTechnischer Leiter Herren<br \/>\nDGS Fu\u00dfball<\/p>\n","protected":false},"excerpt":{"rendered":"<p>Liebe Mailempf\u00e4nger, ich bin von Samstag, 02. August bis 23. August im Familienurlaub verreist. Eingehende Mails werden nicht weitergeleitet. Bei dringenden F\u00e4llen ist bitte Dieter Wickert, Verbandsfu\u00dfballwart, anzuwenden, jedoch wird hingewiesen, dass die Mails nicht gleich bearbeitet werden. Viele Gr\u00fc\u00dfe Jens Becker Technischer Leiter Herren DGS Fu\u00dfball<\/p>\n","protected":false},"author":1,"featured_media":0,"comment_status":"closed","ping_status":"closed","sticky":false,"template":"","format":"standard","meta":{"ngg_post_thumbnail":0,"footnotes":""},"categories":[1],"tags":[],"class_list":["post-2494","post","type-post","status-publish","format-standard","hentry","category-allgemein"],"_links":{"self":[{"href":"https:\/\/www.dgs-fussball.de\/index.php?rest_route=\/wp\/v2\/posts\/2494","targetHints":{"allow":["GET"]}}],"collection":[{"href":"https:\/\/www.dgs-fussball.de\/index.php?rest_route=\/wp\/v2\/posts"}],"about":[{"href":"https:\/\/www.dgs-fussball.de\/index.php?rest_route=\/wp\/v2\/types\/post"}],"author":[{"embeddable":true,"href":"https:\/\/www.dgs-fussball.de\/index.php?rest_route=\/wp\/v2\/users\/1"}],"replies":[{"embeddable":true,"href":"https:\/\/www.dgs-fussball.de\/index.php?rest_route=%2Fwp%2Fv2%2Fcomments&post=2494"}],"version-history":[{"count":1,"href":"https:\/\/www.dgs-fussball.de\/index.php?rest_route=\/wp\/v2\/posts\/2494\/revisions"}],"predecessor-version":[{"id":2495,"href":"https:\/\/www.dgs-fussball.de\/index.php?rest_route=\/wp\/v2\/posts\/2494\/revisions\/2495"}],"wp:attachment":[{"href":"https:\/\/www.dgs-fussball.de\/index.php?rest_route=%2Fwp%2Fv2%2Fmedia&parent=2494"}],"wp:term":[{"taxonomy":"category","embeddable":true,"href":"https:\/\/www.dgs-fussball.de\/index.php?rest_route=%2Fwp%2Fv2%2Fcategories&post=2494"},{"taxonomy":"post_tag","embeddable":true,"href":"https:\/\/www.dgs-fussball.de\/index.php?rest_route=%2Fwp%2Fv2%2Ftags&post=2494"}],"curies":[{"name":"wp","href":"https:\/\/api.w.org\/{rel}","templated":true}]}}