{"id":2558,"date":"2014-10-14T17:51:24","date_gmt":"2014-10-14T15:51:24","guid":{"rendered":"http:\/\/www.dgs-fussball.de\/?p=2558"},"modified":"2014-10-14T17:51:24","modified_gmt":"2014-10-14T15:51:24","slug":"dgs-sparte-fussball-tagung-mit-wahlen","status":"publish","type":"post","link":"https:\/\/www.dgs-fussball.de\/?p=2558","title":{"rendered":"DGS-Sparte Fu\u00dfball \u2013 Tagung mit Wahlen"},"content":{"rendered":"<p style=\"text-align: center;\">\n<p style=\"text-align: center;\"><strong>Dieter Wickert erneut zur Fachwart f\u00fcr Fu\u00dfball wiedergew\u00e4hlt.<\/strong><\/p>\n<p style=\"text-align: center;\">Bereits am Vorabend wurden in K\u00f6ln die Antr\u00e4ge besprochen und deren Inhalt zur Abstimmung am n\u00e4chsten Tag verbessert.<\/p>\n<p style=\"text-align: center;\">Am 11. Oktober fand die Tagung der Sparte Fu\u00dfball mit Neuwahlen statt. Es waren 24 Personen anwesend. Als Vertreterin des DGS Pr\u00e4sidiums nahm die komm. Generalsekret\u00e4rin Diana Aleksic daran teil.<\/p>\n<p style=\"text-align: center;\">Unter der Wahlleitung von Diana Aleksic wurde nach der Entlastung des Vorstandes die Sparte Fu\u00dfball f\u00fcr die Amtsperiode 2014 &#8211; 2018 neugew\u00e4hlt:<\/p>\n<p style=\"text-align: center;\">Fachwart: Dieter Wickert<br \/>\nTechn. Leiter f\u00fcr Herren: Jens Becker<br \/>\nTechn. Leiter f\u00fcr Jugend: Paul Neu (neu gew\u00e4hlt)<br \/>\nTechn. Leiter f\u00fcr Senioren: Rainer B\u00fcrger (neu gew\u00e4hlt)<br \/>\nFrauen-Fachwart: Andr\u00e9 Br\u00e4ndel<br \/>\nTechn. Leiter f\u00fcr Frauen: Linda Adrian<br \/>\nKassierer: Frank Hay<br \/>\nPa\u00dfstelle: Linda Adrian (ab. 1. Februar 2015)<br \/>\nVorsitzender Fu\u00dfball-Sportgericht: Gerhard Heinzle<br \/>\nSportgericht NRW\/Bayern\/Ost: Axel Jung<br \/>\nSportgericht Baden-W\u00fcrttemberg\/Nord\/S\u00fcdwest: Andr\u00e9 Br\u00e4ndel (neu gew\u00e4hlt)<br \/>\nGenehmigungsstelle: Dawid Adrian (neu gew\u00e4hlt)<br \/>\nStatistiker: Klaus Stumpf<\/p>\n<p style=\"text-align: center;\">Die Tagung verlief einwandfrei. Den fristgerechten Antr\u00e4gen wurde zum gr\u00f6\u00dften Teil zugestimmt und die Dringlichkeitsantr\u00e4ge abgelehnt.<\/p>\n<p style=\"text-align: center;\">Zum Abschluss bedankte sich Verbandsfu\u00dfballwart Dieter Wickert zusammen mit Jens Becker bei Roland Rei\u00df, Klaus-Peter Matthies und Benjamin Heymel mit kleinen Pr\u00e4senten f\u00fcr Ihre Mitarbeit in der Sparte Fu\u00dfball im DGS. Roland Rei\u00df wird zu einem sp\u00e4teren Zeitpunkt ein weiteres Pr\u00e4sent von der Sparte Fu\u00dfball erhalten, aufgrund seiner 24j\u00e4hrigen T\u00e4tigkeit als Sportrichter.<\/p>\n<p style=\"text-align: center;\">Diana Aleksic<\/p>\n\n\t\t<style type=\"text\/css\">\n\t\t\t#gallery-1 {\n\t\t\t\tmargin: auto;\n\t\t\t}\n\t\t\t#gallery-1 .gallery-item {\n\t\t\t\tfloat: left;\n\t\t\t\tmargin-top: 10px;\n\t\t\t\ttext-align: center;\n\t\t\t\twidth: 33%;\n\t\t\t}\n\t\t\t#gallery-1 img {\n\t\t\t\tborder: 2px solid #cfcfcf;\n\t\t\t}\n\t\t\t#gallery-1 .gallery-caption {\n\t\t\t\tmargin-left: 0;\n\t\t\t}\n\t\t\t\/* see gallery_shortcode() in wp-includes\/media.php *\/\n\t\t<\/style>\n\t\t<div id='gallery-1' class='gallery galleryid-2558 gallery-columns-3 gallery-size-thumbnail'><dl class='gallery-item'>\n\t\t\t<dt class='gallery-icon landscape'>\n\t\t\t\t<a href='https:\/\/www.dgs-fussball.de\/?attachment_id=2559'><img loading=\"lazy\" decoding=\"async\" width=\"150\" height=\"150\" src=\"https:\/\/www.dgs-fussball.de\/wordpress\/wp-content\/uploads\/2014\/10\/Delegierten-1-DGS-Fb-Tagung-Koeln-2014-150x150.jpg\" class=\"attachment-thumbnail size-thumbnail\" alt=\"\" aria-describedby=\"gallery-1-2559\" \/><\/a>\n\t\t\t<\/dt>\n\t\t\t\t<dd class='wp-caption-text gallery-caption' id='gallery-1-2559'>\n\t\t\t\tDelegierten\n\t\t\t\t<\/dd><\/dl><dl class='gallery-item'>\n\t\t\t<dt class='gallery-icon landscape'>\n\t\t\t\t<a href='https:\/\/www.dgs-fussball.de\/?attachment_id=2560'><img loading=\"lazy\" decoding=\"async\" width=\"150\" height=\"150\" src=\"https:\/\/www.dgs-fussball.de\/wordpress\/wp-content\/uploads\/2014\/10\/Delegierten-2-DGS-Fb-Tagung-Koeln-2014-150x150.jpg\" class=\"attachment-thumbnail size-thumbnail\" alt=\"\" aria-describedby=\"gallery-1-2560\" \/><\/a>\n\t\t\t<\/dt>\n\t\t\t\t<dd class='wp-caption-text gallery-caption' id='gallery-1-2560'>\n\t\t\t\tDelegierten\n\t\t\t\t<\/dd><\/dl><dl class='gallery-item'>\n\t\t\t<dt class='gallery-icon landscape'>\n\t\t\t\t<a href='https:\/\/www.dgs-fussball.de\/?attachment_id=2561'><img loading=\"lazy\" decoding=\"async\" width=\"150\" height=\"150\" src=\"https:\/\/www.dgs-fussball.de\/wordpress\/wp-content\/uploads\/2014\/10\/Delegierten-3-DGS-Fb-Tagung-Koeln-2014-150x150.jpg\" class=\"attachment-thumbnail size-thumbnail\" alt=\"\" aria-describedby=\"gallery-1-2561\" \/><\/a>\n\t\t\t<\/dt>\n\t\t\t\t<dd class='wp-caption-text gallery-caption' id='gallery-1-2561'>\n\t\t\t\tDelegierten\n\t\t\t\t<\/dd><\/dl><br style=\"clear: both\" \/><dl class='gallery-item'>\n\t\t\t<dt class='gallery-icon landscape'>\n\t\t\t\t<a href='https:\/\/www.dgs-fussball.de\/?attachment_id=2562'><img loading=\"lazy\" decoding=\"async\" width=\"150\" height=\"150\" src=\"https:\/\/www.dgs-fussball.de\/wordpress\/wp-content\/uploads\/2014\/10\/Gewaehlte-Spartenleitung-DGS-Fb-2014-150x150.jpg\" class=\"attachment-thumbnail size-thumbnail\" alt=\"\" aria-describedby=\"gallery-1-2562\" \/><\/a>\n\t\t\t<\/dt>\n\t\t\t\t<dd class='wp-caption-text gallery-caption' id='gallery-1-2562'>\n\t\t\t\tGew\u00e4hlte Spartenleitung\n\t\t\t\t<\/dd><\/dl><dl class='gallery-item'>\n\t\t\t<dt class='gallery-icon landscape'>\n\t\t\t\t<a href='https:\/\/www.dgs-fussball.de\/?attachment_id=2563'><img loading=\"lazy\" decoding=\"async\" width=\"150\" height=\"150\" src=\"https:\/\/www.dgs-fussball.de\/wordpress\/wp-content\/uploads\/2014\/10\/Verabschiedete-Spartenleitung-DGS-Fb-2014-150x150.jpg\" class=\"attachment-thumbnail size-thumbnail\" alt=\"\" aria-describedby=\"gallery-1-2563\" \/><\/a>\n\t\t\t<\/dt>\n\t\t\t\t<dd class='wp-caption-text gallery-caption' id='gallery-1-2563'>\n\t\t\t\tVerabschiedete Spartenleitung\n\t\t\t\t<\/dd><\/dl>\n\t\t\t<br style='clear: both' \/>\n\t\t<\/div>\n\n<p>&nbsp;<\/p>\n","protected":false},"excerpt":{"rendered":"<p>Dieter Wickert erneut zur Fachwart f\u00fcr Fu\u00dfball wiedergew\u00e4hlt. Bereits am Vorabend wurden in K\u00f6ln die Antr\u00e4ge besprochen und deren Inhalt zur Abstimmung am n\u00e4chsten Tag verbessert. Am 11. Oktober fand die Tagung der Sparte Fu\u00dfball mit Neuwahlen statt. Es waren 24 Personen anwesend. Als Vertreterin des DGS Pr\u00e4sidiums nahm die komm. Generalsekret\u00e4rin Diana Aleksic daran teil. Unter der Wahlleitung von<\/p>\n","protected":false},"author":1,"featured_media":0,"comment_status":"closed","ping_status":"closed","sticky":false,"template":"","format":"standard","meta":{"ngg_post_thumbnail":0,"footnotes":""},"categories":[1],"tags":[],"class_list":["post-2558","post","type-post","status-publish","format-standard","hentry","category-allgemein"],"_links":{"self":[{"href":"https:\/\/www.dgs-fussball.de\/index.php?rest_route=\/wp\/v2\/posts\/2558","targetHints":{"allow":["GET"]}}],"collection":[{"href":"https:\/\/www.dgs-fussball.de\/index.php?rest_route=\/wp\/v2\/posts"}],"about":[{"href":"https:\/\/www.dgs-fussball.de\/index.php?rest_route=\/wp\/v2\/types\/post"}],"author":[{"embeddable":true,"href":"https:\/\/www.dgs-fussball.de\/index.php?rest_route=\/wp\/v2\/users\/1"}],"replies":[{"embeddable":true,"href":"https:\/\/www.dgs-fussball.de\/index.php?rest_route=%2Fwp%2Fv2%2Fcomments&post=2558"}],"version-history":[{"count":1,"href":"https:\/\/www.dgs-fussball.de\/index.php?rest_route=\/wp\/v2\/posts\/2558\/revisions"}],"predecessor-version":[{"id":2564,"href":"https:\/\/www.dgs-fussball.de\/index.php?rest_route=\/wp\/v2\/posts\/2558\/revisions\/2564"}],"wp:attachment":[{"href":"https:\/\/www.dgs-fussball.de\/index.php?rest_route=%2Fwp%2Fv2%2Fmedia&parent=2558"}],"wp:term":[{"taxonomy":"category","embeddable":true,"href":"https:\/\/www.dgs-fussball.de\/index.php?rest_route=%2Fwp%2Fv2%2Fcategories&post=2558"},{"taxonomy":"post_tag","embeddable":true,"href":"https:\/\/www.dgs-fussball.de\/index.php?rest_route=%2Fwp%2Fv2%2Ftags&post=2558"}],"curies":[{"name":"wp","href":"https:\/\/api.w.org\/{rel}","templated":true}]}}