{"id":2626,"date":"2014-11-19T11:51:00","date_gmt":"2014-11-19T09:51:00","guid":{"rendered":"http:\/\/www.dgs-fussball.de\/?p=2626"},"modified":"2014-11-19T11:51:00","modified_gmt":"2014-11-19T09:51:00","slug":"plakate-ueber-landesmeisterschaften-im-futsal-am-29-11-06-12-2014","status":"publish","type":"post","link":"https:\/\/www.dgs-fussball.de\/?p=2626","title":{"rendered":"Plakate \u00fcber Landesmeisterschaften im Futsal am 29.11 + 06.12.2014"},"content":{"rendered":"<p style=\"text-align: center;\">\n<p style=\"text-align: center;\">Liebe Sportkameraden,<\/p>\n<p style=\"text-align: center;\">anbei sende ich Euch die Plakate, die von beiden Ausrichtern GSV Reutlingen und GSC Bodensee gestaltet wurden.<\/p>\n<p style=\"text-align: center;\">Mit sportlichen Gr\u00fc\u00dfen<\/p>\n<p style=\"text-align: center;\">David Heymel, Landesfu\u00dfballwart<br \/>\nGSV Baden-W\u00fcrttemberg<\/p>\n<p style=\"text-align: center;\"><a href=\"https:\/\/www.dgs-fussball.de\/wordpress\/wp-content\/uploads\/2014\/11\/Plakat-Futsal-GSC-Bodensee.jpg\"><img loading=\"lazy\" decoding=\"async\" class=\"aligncenter size-medium wp-image-2627\" src=\"https:\/\/www.dgs-fussball.de\/wordpress\/wp-content\/uploads\/2014\/11\/Plakat-Futsal-GSC-Bodensee-212x300.jpg\" alt=\"Plakat Futsal GSC Bodensee\" width=\"212\" height=\"300\" srcset=\"https:\/\/www.dgs-fussball.de\/wordpress\/wp-content\/uploads\/2014\/11\/Plakat-Futsal-GSC-Bodensee-212x300.jpg 212w, https:\/\/www.dgs-fussball.de\/wordpress\/wp-content\/uploads\/2014\/11\/Plakat-Futsal-GSC-Bodensee-724x1024.jpg 724w, https:\/\/www.dgs-fussball.de\/wordpress\/wp-content\/uploads\/2014\/11\/Plakat-Futsal-GSC-Bodensee.jpg 794w\" sizes=\"auto, (max-width: 212px) 100vw, 212px\" \/><\/a> <a href=\"https:\/\/www.dgs-fussball.de\/wordpress\/wp-content\/uploads\/2014\/11\/Plakat_Landesmeisterschaft_Herren_GSV_Reutlingen.jpg\"><img loading=\"lazy\" decoding=\"async\" class=\"aligncenter size-medium wp-image-2628\" src=\"https:\/\/www.dgs-fussball.de\/wordpress\/wp-content\/uploads\/2014\/11\/Plakat_Landesmeisterschaft_Herren_GSV_Reutlingen-212x300.jpg\" alt=\"Plakat_Landesmeisterschaft_Herren_GSV_Reutlingen\" width=\"212\" height=\"300\" srcset=\"https:\/\/www.dgs-fussball.de\/wordpress\/wp-content\/uploads\/2014\/11\/Plakat_Landesmeisterschaft_Herren_GSV_Reutlingen-212x300.jpg 212w, https:\/\/www.dgs-fussball.de\/wordpress\/wp-content\/uploads\/2014\/11\/Plakat_Landesmeisterschaft_Herren_GSV_Reutlingen.jpg 588w\" sizes=\"auto, (max-width: 212px) 100vw, 212px\" \/><\/a><\/p>\n<p>&nbsp;<\/p>\n","protected":false},"excerpt":{"rendered":"<p>Liebe Sportkameraden, anbei sende ich Euch die Plakate, die von beiden Ausrichtern GSV Reutlingen und GSC Bodensee gestaltet wurden. Mit sportlichen Gr\u00fc\u00dfen David Heymel, Landesfu\u00dfballwart GSV Baden-W\u00fcrttemberg &nbsp;<\/p>\n","protected":false},"author":1,"featured_media":0,"comment_status":"closed","ping_status":"closed","sticky":false,"template":"","format":"standard","meta":{"ngg_post_thumbnail":0,"footnotes":""},"categories":[32],"tags":[],"class_list":["post-2626","post","type-post","status-publish","format-standard","hentry","category-regional-suedwest"],"_links":{"self":[{"href":"https:\/\/www.dgs-fussball.de\/index.php?rest_route=\/wp\/v2\/posts\/2626","targetHints":{"allow":["GET"]}}],"collection":[{"href":"https:\/\/www.dgs-fussball.de\/index.php?rest_route=\/wp\/v2\/posts"}],"about":[{"href":"https:\/\/www.dgs-fussball.de\/index.php?rest_route=\/wp\/v2\/types\/post"}],"author":[{"embeddable":true,"href":"https:\/\/www.dgs-fussball.de\/index.php?rest_route=\/wp\/v2\/users\/1"}],"replies":[{"embeddable":true,"href":"https:\/\/www.dgs-fussball.de\/index.php?rest_route=%2Fwp%2Fv2%2Fcomments&post=2626"}],"version-history":[{"count":1,"href":"https:\/\/www.dgs-fussball.de\/index.php?rest_route=\/wp\/v2\/posts\/2626\/revisions"}],"predecessor-version":[{"id":2629,"href":"https:\/\/www.dgs-fussball.de\/index.php?rest_route=\/wp\/v2\/posts\/2626\/revisions\/2629"}],"wp:attachment":[{"href":"https:\/\/www.dgs-fussball.de\/index.php?rest_route=%2Fwp%2Fv2%2Fmedia&parent=2626"}],"wp:term":[{"taxonomy":"category","embeddable":true,"href":"https:\/\/www.dgs-fussball.de\/index.php?rest_route=%2Fwp%2Fv2%2Fcategories&post=2626"},{"taxonomy":"post_tag","embeddable":true,"href":"https:\/\/www.dgs-fussball.de\/index.php?rest_route=%2Fwp%2Fv2%2Ftags&post=2626"}],"curies":[{"name":"wp","href":"https:\/\/api.w.org\/{rel}","templated":true}]}}