{"id":2699,"date":"2015-01-07T16:27:57","date_gmt":"2015-01-07T14:27:57","guid":{"rendered":"http:\/\/www.dgs-fussball.de\/?p=2699"},"modified":"2015-01-07T16:27:57","modified_gmt":"2015-01-07T14:27:57","slug":"unterschriebenes-protokoll-von-der-tagung-der-sparte-fussball-mit-wahl-vom-10-11-oktober-2014-in-koeln","status":"publish","type":"post","link":"https:\/\/www.dgs-fussball.de\/?p=2699","title":{"rendered":"Unterschriebenes Protokoll von der Tagung der Sparte Fu\u00dfball mit Wahl vom 10.-11. Oktober 2014 in K\u00f6ln"},"content":{"rendered":"<p style=\"text-align: center;\"><strong>Liebe Mailempf\u00e4ngerInnen,<\/strong><\/p>\n<p style=\"text-align: center;\"><strong>nach Weihnachten erhaltet Ihr nun endlich das unterschriebene Protokoll von der o.g. Tagung f\u00fcr Eure Unterlagen. Mit den besten W\u00fcnschen zum Jahreswechsel und der Vorfreude auf die heimischen Fu\u00dfball-Europameisterschaften der Geh\u00f6rlosen in Hannover verbleibe ich <\/strong><\/p>\n<p style=\"text-align: center;\"><strong>mit sportlichen Gr\u00fc\u00dfen<\/strong><\/p>\n<p style=\"text-align: center;\"><strong>Dieter Wickert<br \/>\nVerbandsfu\u00dfballwart<\/strong><\/p>\n<p style=\"text-align: center;\"><strong>Anlage:<\/strong><br \/>\n<a href=\"https:\/\/www.dgs-fussball.de\/wordpress\/wp-content\/uploads\/2015\/01\/DGS-Sparte-Fu\u00dfball-Protokoll-K\u00f6ln-2014.pdf\">DGS Sparte Fu\u00dfball, Protokoll K\u00f6ln 2014<\/a><\/p>\n","protected":false},"excerpt":{"rendered":"<p>Liebe Mailempf\u00e4ngerInnen, nach Weihnachten erhaltet Ihr nun endlich das unterschriebene Protokoll von der o.g. Tagung f\u00fcr Eure Unterlagen. Mit den besten W\u00fcnschen zum Jahreswechsel und der Vorfreude auf die heimischen Fu\u00dfball-Europameisterschaften der Geh\u00f6rlosen in Hannover verbleibe ich mit sportlichen Gr\u00fc\u00dfen Dieter Wickert Verbandsfu\u00dfballwart Anlage: DGS Sparte Fu\u00dfball, Protokoll K\u00f6ln 2014<\/p>\n","protected":false},"author":1,"featured_media":0,"comment_status":"closed","ping_status":"closed","sticky":false,"template":"","format":"standard","meta":{"ngg_post_thumbnail":0,"footnotes":""},"categories":[1],"tags":[],"class_list":["post-2699","post","type-post","status-publish","format-standard","hentry","category-allgemein"],"_links":{"self":[{"href":"https:\/\/www.dgs-fussball.de\/index.php?rest_route=\/wp\/v2\/posts\/2699","targetHints":{"allow":["GET"]}}],"collection":[{"href":"https:\/\/www.dgs-fussball.de\/index.php?rest_route=\/wp\/v2\/posts"}],"about":[{"href":"https:\/\/www.dgs-fussball.de\/index.php?rest_route=\/wp\/v2\/types\/post"}],"author":[{"embeddable":true,"href":"https:\/\/www.dgs-fussball.de\/index.php?rest_route=\/wp\/v2\/users\/1"}],"replies":[{"embeddable":true,"href":"https:\/\/www.dgs-fussball.de\/index.php?rest_route=%2Fwp%2Fv2%2Fcomments&post=2699"}],"version-history":[{"count":1,"href":"https:\/\/www.dgs-fussball.de\/index.php?rest_route=\/wp\/v2\/posts\/2699\/revisions"}],"predecessor-version":[{"id":2701,"href":"https:\/\/www.dgs-fussball.de\/index.php?rest_route=\/wp\/v2\/posts\/2699\/revisions\/2701"}],"wp:attachment":[{"href":"https:\/\/www.dgs-fussball.de\/index.php?rest_route=%2Fwp%2Fv2%2Fmedia&parent=2699"}],"wp:term":[{"taxonomy":"category","embeddable":true,"href":"https:\/\/www.dgs-fussball.de\/index.php?rest_route=%2Fwp%2Fv2%2Fcategories&post=2699"},{"taxonomy":"post_tag","embeddable":true,"href":"https:\/\/www.dgs-fussball.de\/index.php?rest_route=%2Fwp%2Fv2%2Ftags&post=2699"}],"curies":[{"name":"wp","href":"https:\/\/api.w.org\/{rel}","templated":true}]}}