{"id":2816,"date":"2015-04-28T12:39:28","date_gmt":"2015-04-28T10:39:28","guid":{"rendered":"http:\/\/www.dgs-fussball.de\/?p=2816"},"modified":"2015-04-28T12:39:28","modified_gmt":"2015-04-28T10:39:28","slug":"dringende-suche-nach-bewerbung-zur-ausrichtung-der-dg-kleinfeldfussballmeisterschaften-der-senioren-ue30-ue40-jugend-und-frauen-am-12-september-2015","status":"publish","type":"post","link":"https:\/\/www.dgs-fussball.de\/?p=2816","title":{"rendered":"Dringende Suche nach Bewerbung zur Ausrichtung der DG-Kleinfeldfu\u00dfballmeisterschaften der Senioren (\u00dc30 + \u00dc40), Jugend und Frauen am 12. September 2015"},"content":{"rendered":"<p style=\"text-align: center;\">Da GSV Augsburg \u00fcberraschend die Ausrichtung der o. g. Fu\u00dfballmeisterschaften zur\u00fcckgezogen hat, m\u00fcssen wir sofort handeln. Leider ist die Zeit bis zum 12. September nicht mehr lange, freie Sportpl\u00e4tze zu bekommen, schlagen wir Euch vor, dass die 3 Meisterschaften entweder ganze Meisterschaften in einem Ort oder getrennte Meisterschaften in zwei oder drei Orten auszutragen sind.<\/p>\n<p style=\"text-align: center;\">Jetzt wird dringend um die Bewerbung zur Ausrichtung der DG-Kleinfeldfu\u00dfballmeisterschaften der Senioren, Jugend und Frauen gesucht. Es wird hingewiesen, dass bei den Senioren mind. 6 Kleinfeldpl\u00e4tze (4 Felder f\u00fcr \u00dc30 und 2 Felder f\u00fcr \u00dc40), bei den Frauen mind. 2 Kleinfeldpl\u00e4tze und bei Jugend (mind. 2 Kleinfeldpl\u00e4tze)<\/p>\n<p style=\"text-align: center;\">Wer h\u00e4tte gerne Interesse, sich um die Ausrichtung zu bewerben? Dann ist bitte an mich und Dieter Wickert (Verbandsfu\u00dfballwart) zu wenden. Bitte daher diese Rundmail an die Vereine weiterzuleiten.<\/p>\n<p style=\"text-align: center;\">\u00dcber die Kosten k\u00f6nnen wir gemeinsam kl\u00e4ren.<\/p>\n<p style=\"text-align: center;\">Auf Eure Bewerbung w\u00fcrden wir uns sehr freuen.<\/p>\n<p style=\"text-align: center;\">Mit freundlichen Gr\u00fc\u00dfen<\/p>\n<p style=\"text-align: center;\">Jens Becker<br \/>\nTechnischer Leiter Herren<br \/>\nDGS Fu\u00dfball<\/p>\n","protected":false},"excerpt":{"rendered":"<p>Da GSV Augsburg \u00fcberraschend die Ausrichtung der o. g. Fu\u00dfballmeisterschaften zur\u00fcckgezogen hat, m\u00fcssen wir sofort handeln. Leider ist die Zeit bis zum 12. September nicht mehr lange, freie Sportpl\u00e4tze zu bekommen, schlagen wir Euch vor, dass die 3 Meisterschaften entweder ganze Meisterschaften in einem Ort oder getrennte Meisterschaften in zwei oder drei Orten auszutragen sind. Jetzt wird dringend um die<\/p>\n","protected":false},"author":1,"featured_media":0,"comment_status":"closed","ping_status":"closed","sticky":false,"template":"","format":"standard","meta":{"ngg_post_thumbnail":0,"footnotes":""},"categories":[1],"tags":[],"class_list":["post-2816","post","type-post","status-publish","format-standard","hentry","category-allgemein"],"_links":{"self":[{"href":"https:\/\/www.dgs-fussball.de\/index.php?rest_route=\/wp\/v2\/posts\/2816","targetHints":{"allow":["GET"]}}],"collection":[{"href":"https:\/\/www.dgs-fussball.de\/index.php?rest_route=\/wp\/v2\/posts"}],"about":[{"href":"https:\/\/www.dgs-fussball.de\/index.php?rest_route=\/wp\/v2\/types\/post"}],"author":[{"embeddable":true,"href":"https:\/\/www.dgs-fussball.de\/index.php?rest_route=\/wp\/v2\/users\/1"}],"replies":[{"embeddable":true,"href":"https:\/\/www.dgs-fussball.de\/index.php?rest_route=%2Fwp%2Fv2%2Fcomments&post=2816"}],"version-history":[{"count":1,"href":"https:\/\/www.dgs-fussball.de\/index.php?rest_route=\/wp\/v2\/posts\/2816\/revisions"}],"predecessor-version":[{"id":2817,"href":"https:\/\/www.dgs-fussball.de\/index.php?rest_route=\/wp\/v2\/posts\/2816\/revisions\/2817"}],"wp:attachment":[{"href":"https:\/\/www.dgs-fussball.de\/index.php?rest_route=%2Fwp%2Fv2%2Fmedia&parent=2816"}],"wp:term":[{"taxonomy":"category","embeddable":true,"href":"https:\/\/www.dgs-fussball.de\/index.php?rest_route=%2Fwp%2Fv2%2Fcategories&post=2816"},{"taxonomy":"post_tag","embeddable":true,"href":"https:\/\/www.dgs-fussball.de\/index.php?rest_route=%2Fwp%2Fv2%2Ftags&post=2816"}],"curies":[{"name":"wp","href":"https:\/\/api.w.org\/{rel}","templated":true}]}}