{"id":2858,"date":"2015-06-08T08:26:16","date_gmt":"2015-06-08T06:26:16","guid":{"rendered":"http:\/\/www.dgs-fussball.de\/?p=2858"},"modified":"2015-06-08T08:26:16","modified_gmt":"2015-06-08T06:26:16","slug":"bekanntmachung-zur-neuausrichtung-der-dg-fussballmeisterschaften-der-senioren-jugend-und-frauen-2015","status":"publish","type":"post","link":"https:\/\/www.dgs-fussball.de\/?p=2858","title":{"rendered":"Bekanntmachung zur Neuausrichtung der DG-Fu\u00dfballmeisterschaften der Senioren, Jugend und Frauen 2015"},"content":{"rendered":"<p style=\"text-align: center;\">Nach R\u00fcckzug der Bewerbung von GSV Augsburg teilt die Sparte Fu\u00dfball im DGS mit,<br \/>\ndass am 12. September 2015 die o. g. Fu\u00dfballmeisterschaften in Frankenthal ausgetragen werden.<\/p>\n<p style=\"text-align: center;\">Der Ausrichter ist GSC Frankenthal.<\/p>\n<p style=\"text-align: center;\">Jens Becker<br \/>\nTechnischer Leiter Herren<br \/>\nDGS Fu\u00dfball<\/p>\n","protected":false},"excerpt":{"rendered":"<p>Nach R\u00fcckzug der Bewerbung von GSV Augsburg teilt die Sparte Fu\u00dfball im DGS mit, dass am 12. September 2015 die o. g. Fu\u00dfballmeisterschaften in Frankenthal ausgetragen werden. Der Ausrichter ist GSC Frankenthal. Jens Becker Technischer Leiter Herren DGS Fu\u00dfball<\/p>\n","protected":false},"author":1,"featured_media":0,"comment_status":"closed","ping_status":"closed","sticky":false,"template":"","format":"standard","meta":{"ngg_post_thumbnail":0,"footnotes":""},"categories":[20,16,12],"tags":[],"class_list":["post-2858","post","type-post","status-publish","format-standard","hentry","category-dm-frauen-kleinfeld","category-dm-jugend-kleinfeld","category-dm-senioren-kleinfeld"],"_links":{"self":[{"href":"https:\/\/www.dgs-fussball.de\/index.php?rest_route=\/wp\/v2\/posts\/2858","targetHints":{"allow":["GET"]}}],"collection":[{"href":"https:\/\/www.dgs-fussball.de\/index.php?rest_route=\/wp\/v2\/posts"}],"about":[{"href":"https:\/\/www.dgs-fussball.de\/index.php?rest_route=\/wp\/v2\/types\/post"}],"author":[{"embeddable":true,"href":"https:\/\/www.dgs-fussball.de\/index.php?rest_route=\/wp\/v2\/users\/1"}],"replies":[{"embeddable":true,"href":"https:\/\/www.dgs-fussball.de\/index.php?rest_route=%2Fwp%2Fv2%2Fcomments&post=2858"}],"version-history":[{"count":1,"href":"https:\/\/www.dgs-fussball.de\/index.php?rest_route=\/wp\/v2\/posts\/2858\/revisions"}],"predecessor-version":[{"id":2859,"href":"https:\/\/www.dgs-fussball.de\/index.php?rest_route=\/wp\/v2\/posts\/2858\/revisions\/2859"}],"wp:attachment":[{"href":"https:\/\/www.dgs-fussball.de\/index.php?rest_route=%2Fwp%2Fv2%2Fmedia&parent=2858"}],"wp:term":[{"taxonomy":"category","embeddable":true,"href":"https:\/\/www.dgs-fussball.de\/index.php?rest_route=%2Fwp%2Fv2%2Fcategories&post=2858"},{"taxonomy":"post_tag","embeddable":true,"href":"https:\/\/www.dgs-fussball.de\/index.php?rest_route=%2Fwp%2Fv2%2Ftags&post=2858"}],"curies":[{"name":"wp","href":"https:\/\/api.w.org\/{rel}","templated":true}]}}