{"id":2894,"date":"2015-07-25T11:32:35","date_gmt":"2015-07-25T09:32:35","guid":{"rendered":"http:\/\/www.dgs-fussball.de\/?p=2894"},"modified":"2015-07-25T11:32:35","modified_gmt":"2015-07-25T09:32:35","slug":"ergebnisse-bayerische-kleinfeldmeisterschaft-herren-und-senioren-ue30","status":"publish","type":"post","link":"https:\/\/www.dgs-fussball.de\/?p=2894","title":{"rendered":"Ergebnisse Bayerische Kleinfeldmeisterschaft Herren und Senioren \u00dc30"},"content":{"rendered":"<p style=\"text-align: center;\">Liebe Sportkameraden,<\/p>\n<p style=\"text-align: center;\">anbei erhaltet Ihr die Ergebnisse von der bayerischen Kleinfeldmeisterschaft 2015 der Herren und Senioren \u00dc30.<\/p>\n<p style=\"text-align: center;\">Mit sportlichen Gr\u00fc\u00dfen<\/p>\n<p style=\"text-align: center;\">Jochen Noe<br \/>\nFachwart Sparte Fu\u00dfball<br \/>\nBayerischer Geh\u00f6rlosen-Sportverband e.V.<\/p>\n<p style=\"text-align: center;\"><strong>Anlage:<\/strong><br \/>\n<a href=\"https:\/\/www.dgs-fussball.de\/wordpress\/wp-content\/uploads\/2015\/07\/Spielplan_Kleinfeld_Herren_2015_finish.pdf\">Spielplan_Kleinfeld_Herren_2015_finish<\/a><br \/>\n<a href=\"https:\/\/www.dgs-fussball.de\/wordpress\/wp-content\/uploads\/2015\/07\/Spielplan_Kleinfeld_Senioren_2015_finish.pdf\">Spielplan_Kleinfeld_Senioren_2015_finish<\/a><\/p>\n","protected":false},"excerpt":{"rendered":"<p>Liebe Sportkameraden, anbei erhaltet Ihr die Ergebnisse von der bayerischen Kleinfeldmeisterschaft 2015 der Herren und Senioren \u00dc30. Mit sportlichen Gr\u00fc\u00dfen Jochen Noe Fachwart Sparte Fu\u00dfball Bayerischer Geh\u00f6rlosen-Sportverband e.V. Anlage: Spielplan_Kleinfeld_Herren_2015_finish Spielplan_Kleinfeld_Senioren_2015_finish<\/p>\n","protected":false},"author":1,"featured_media":0,"comment_status":"closed","ping_status":"closed","sticky":false,"template":"","format":"standard","meta":{"ngg_post_thumbnail":0,"footnotes":""},"categories":[33],"tags":[],"class_list":["post-2894","post","type-post","status-publish","format-standard","hentry","category-regional-bayern"],"_links":{"self":[{"href":"https:\/\/www.dgs-fussball.de\/index.php?rest_route=\/wp\/v2\/posts\/2894","targetHints":{"allow":["GET"]}}],"collection":[{"href":"https:\/\/www.dgs-fussball.de\/index.php?rest_route=\/wp\/v2\/posts"}],"about":[{"href":"https:\/\/www.dgs-fussball.de\/index.php?rest_route=\/wp\/v2\/types\/post"}],"author":[{"embeddable":true,"href":"https:\/\/www.dgs-fussball.de\/index.php?rest_route=\/wp\/v2\/users\/1"}],"replies":[{"embeddable":true,"href":"https:\/\/www.dgs-fussball.de\/index.php?rest_route=%2Fwp%2Fv2%2Fcomments&post=2894"}],"version-history":[{"count":1,"href":"https:\/\/www.dgs-fussball.de\/index.php?rest_route=\/wp\/v2\/posts\/2894\/revisions"}],"predecessor-version":[{"id":2897,"href":"https:\/\/www.dgs-fussball.de\/index.php?rest_route=\/wp\/v2\/posts\/2894\/revisions\/2897"}],"wp:attachment":[{"href":"https:\/\/www.dgs-fussball.de\/index.php?rest_route=%2Fwp%2Fv2%2Fmedia&parent=2894"}],"wp:term":[{"taxonomy":"category","embeddable":true,"href":"https:\/\/www.dgs-fussball.de\/index.php?rest_route=%2Fwp%2Fv2%2Fcategories&post=2894"},{"taxonomy":"post_tag","embeddable":true,"href":"https:\/\/www.dgs-fussball.de\/index.php?rest_route=%2Fwp%2Fv2%2Ftags&post=2894"}],"curies":[{"name":"wp","href":"https:\/\/api.w.org\/{rel}","templated":true}]}}