{"id":2915,"date":"2015-08-10T09:59:50","date_gmt":"2015-08-10T07:59:50","guid":{"rendered":"http:\/\/www.dgs-fussball.de\/?p=2915"},"modified":"2015-08-10T09:59:50","modified_gmt":"2015-08-10T07:59:50","slug":"urlaub-verbandsfussballwart","status":"publish","type":"post","link":"https:\/\/www.dgs-fussball.de\/?p=2915","title":{"rendered":"Urlaub Verbandsfu\u00dfballwart"},"content":{"rendered":"<p style=\"text-align: center;\">Liebe SpartenmitarbeiterInnen,<\/p>\n<p style=\"text-align: center;\">in der Zeit vom 8. bis 25. August 2015 habe ich Urlaub, es kann bei der Bearbeitung &#8222;dringender Mails&#8220; dabei zu zeitlichen Verz\u00f6gerungen kommen, wof\u00fcr ich jetzt schon um Verst\u00e4ndnis bitte.<\/p>\n<p style=\"text-align: center;\">Mit sportlichen Gr\u00fc\u00dfen<br \/>\nDieter Wickert<br \/>\nVerbandsfu\u00dfballwart<\/p>\n","protected":false},"excerpt":{"rendered":"<p>Liebe SpartenmitarbeiterInnen, in der Zeit vom 8. bis 25. August 2015 habe ich Urlaub, es kann bei der Bearbeitung &#8222;dringender Mails&#8220; dabei zu zeitlichen Verz\u00f6gerungen kommen, wof\u00fcr ich jetzt schon um Verst\u00e4ndnis bitte. Mit sportlichen Gr\u00fc\u00dfen Dieter Wickert Verbandsfu\u00dfballwart<\/p>\n","protected":false},"author":1,"featured_media":0,"comment_status":"closed","ping_status":"closed","sticky":false,"template":"","format":"standard","meta":{"ngg_post_thumbnail":0,"footnotes":""},"categories":[1],"tags":[],"class_list":["post-2915","post","type-post","status-publish","format-standard","hentry","category-allgemein"],"_links":{"self":[{"href":"https:\/\/www.dgs-fussball.de\/index.php?rest_route=\/wp\/v2\/posts\/2915","targetHints":{"allow":["GET"]}}],"collection":[{"href":"https:\/\/www.dgs-fussball.de\/index.php?rest_route=\/wp\/v2\/posts"}],"about":[{"href":"https:\/\/www.dgs-fussball.de\/index.php?rest_route=\/wp\/v2\/types\/post"}],"author":[{"embeddable":true,"href":"https:\/\/www.dgs-fussball.de\/index.php?rest_route=\/wp\/v2\/users\/1"}],"replies":[{"embeddable":true,"href":"https:\/\/www.dgs-fussball.de\/index.php?rest_route=%2Fwp%2Fv2%2Fcomments&post=2915"}],"version-history":[{"count":1,"href":"https:\/\/www.dgs-fussball.de\/index.php?rest_route=\/wp\/v2\/posts\/2915\/revisions"}],"predecessor-version":[{"id":2916,"href":"https:\/\/www.dgs-fussball.de\/index.php?rest_route=\/wp\/v2\/posts\/2915\/revisions\/2916"}],"wp:attachment":[{"href":"https:\/\/www.dgs-fussball.de\/index.php?rest_route=%2Fwp%2Fv2%2Fmedia&parent=2915"}],"wp:term":[{"taxonomy":"category","embeddable":true,"href":"https:\/\/www.dgs-fussball.de\/index.php?rest_route=%2Fwp%2Fv2%2Fcategories&post=2915"},{"taxonomy":"post_tag","embeddable":true,"href":"https:\/\/www.dgs-fussball.de\/index.php?rest_route=%2Fwp%2Fv2%2Ftags&post=2915"}],"curies":[{"name":"wp","href":"https:\/\/api.w.org\/{rel}","templated":true}]}}