{"id":2917,"date":"2015-08-10T10:00:43","date_gmt":"2015-08-10T08:00:43","guid":{"rendered":"http:\/\/www.dgs-fussball.de\/?p=2917"},"modified":"2015-08-10T10:00:50","modified_gmt":"2015-08-10T08:00:50","slug":"2917","status":"publish","type":"post","link":"https:\/\/www.dgs-fussball.de\/?p=2917","title":{"rendered":"Spielplan f\u00fcr die Saison 2015\/2016 (Regional West 1 und 2) und (NRW-Liga 7er)"},"content":{"rendered":"<p style=\"text-align: center;\">Liebe Fu\u00dfballkameraden,<\/p>\n<p style=\"text-align: center;\">anbei erhaltet Ihr den neuesten Spielplan f\u00fcr die Saison 2015\/2016 (Regional West 1 und 2) und (NRW-Liga 7er).<br \/>\nMit sportlichen Gr\u00fc\u00dfen<\/p>\n<p style=\"text-align: center;\">Martin Rothe<br \/>\nkomm.Techn. Leiter (Gro\u00dffeld) der GSNRW-Sparte Fu\u00dfball<\/p>\n<p style=\"text-align: center;\">Anlage:<br \/>\n<a href=\"https:\/\/www.dgs-fussball.de\/wordpress\/wp-content\/uploads\/2015\/08\/Spielplan_Liga-7er.pdf\">Spielplan_Liga 7er<\/a><br \/>\n<a href=\"https:\/\/www.dgs-fussball.de\/wordpress\/wp-content\/uploads\/2015\/08\/Spielplan_Regional.pdf\">Spielplan_Regional<\/a><\/p>\n","protected":false},"excerpt":{"rendered":"<p>Liebe Fu\u00dfballkameraden, anbei erhaltet Ihr den neuesten Spielplan f\u00fcr die Saison 2015\/2016 (Regional West 1 und 2) und (NRW-Liga 7er). Mit sportlichen Gr\u00fc\u00dfen Martin Rothe komm.Techn. Leiter (Gro\u00dffeld) der GSNRW-Sparte Fu\u00dfball Anlage: Spielplan_Liga 7er Spielplan_Regional<\/p>\n","protected":false},"author":1,"featured_media":0,"comment_status":"closed","ping_status":"closed","sticky":false,"template":"","format":"standard","meta":{"ngg_post_thumbnail":0,"footnotes":""},"categories":[35],"tags":[],"class_list":["post-2917","post","type-post","status-publish","format-standard","hentry","category-regional-west"],"_links":{"self":[{"href":"https:\/\/www.dgs-fussball.de\/index.php?rest_route=\/wp\/v2\/posts\/2917","targetHints":{"allow":["GET"]}}],"collection":[{"href":"https:\/\/www.dgs-fussball.de\/index.php?rest_route=\/wp\/v2\/posts"}],"about":[{"href":"https:\/\/www.dgs-fussball.de\/index.php?rest_route=\/wp\/v2\/types\/post"}],"author":[{"embeddable":true,"href":"https:\/\/www.dgs-fussball.de\/index.php?rest_route=\/wp\/v2\/users\/1"}],"replies":[{"embeddable":true,"href":"https:\/\/www.dgs-fussball.de\/index.php?rest_route=%2Fwp%2Fv2%2Fcomments&post=2917"}],"version-history":[{"count":2,"href":"https:\/\/www.dgs-fussball.de\/index.php?rest_route=\/wp\/v2\/posts\/2917\/revisions"}],"predecessor-version":[{"id":2921,"href":"https:\/\/www.dgs-fussball.de\/index.php?rest_route=\/wp\/v2\/posts\/2917\/revisions\/2921"}],"wp:attachment":[{"href":"https:\/\/www.dgs-fussball.de\/index.php?rest_route=%2Fwp%2Fv2%2Fmedia&parent=2917"}],"wp:term":[{"taxonomy":"category","embeddable":true,"href":"https:\/\/www.dgs-fussball.de\/index.php?rest_route=%2Fwp%2Fv2%2Fcategories&post=2917"},{"taxonomy":"post_tag","embeddable":true,"href":"https:\/\/www.dgs-fussball.de\/index.php?rest_route=%2Fwp%2Fv2%2Ftags&post=2917"}],"curies":[{"name":"wp","href":"https:\/\/api.w.org\/{rel}","templated":true}]}}