{"id":2944,"date":"2015-08-25T09:17:10","date_gmt":"2015-08-25T07:17:10","guid":{"rendered":"http:\/\/www.dgs-fussball.de\/?p=2944"},"modified":"2015-08-25T09:17:10","modified_gmt":"2015-08-25T07:17:10","slug":"bekanntmachung-des-technischen-leiters-herren-jens-becker","status":"publish","type":"post","link":"https:\/\/www.dgs-fussball.de\/?p=2944","title":{"rendered":"Bekanntmachung des Technischen Leiters Herren Jens Becker:"},"content":{"rendered":"<p style=\"text-align: center;\">Ich habe verdienten Urlaub von Mittwoch, 26. August bis 13. September 2015 (z. Zt. Sommerferien in Bayern)<br \/>\nEine schnelle R\u00fcckmeldung wird nicht bearbeitet. In dringenden Gr\u00fcnden ist bitte an Dieter Wickert zu wenden.<\/p>\n<p style=\"text-align: center;\">Jens Becker<br \/>\nTechnischer Leiter Herren<br \/>\nDGS Fu\u00dfball<\/p>\n","protected":false},"excerpt":{"rendered":"<p>Ich habe verdienten Urlaub von Mittwoch, 26. August bis 13. September 2015 (z. Zt. Sommerferien in Bayern) Eine schnelle R\u00fcckmeldung wird nicht bearbeitet. In dringenden Gr\u00fcnden ist bitte an Dieter Wickert zu wenden. Jens Becker Technischer Leiter Herren DGS Fu\u00dfball<\/p>\n","protected":false},"author":1,"featured_media":0,"comment_status":"closed","ping_status":"closed","sticky":false,"template":"","format":"standard","meta":{"ngg_post_thumbnail":0,"footnotes":""},"categories":[1],"tags":[],"class_list":["post-2944","post","type-post","status-publish","format-standard","hentry","category-allgemein"],"_links":{"self":[{"href":"https:\/\/www.dgs-fussball.de\/index.php?rest_route=\/wp\/v2\/posts\/2944","targetHints":{"allow":["GET"]}}],"collection":[{"href":"https:\/\/www.dgs-fussball.de\/index.php?rest_route=\/wp\/v2\/posts"}],"about":[{"href":"https:\/\/www.dgs-fussball.de\/index.php?rest_route=\/wp\/v2\/types\/post"}],"author":[{"embeddable":true,"href":"https:\/\/www.dgs-fussball.de\/index.php?rest_route=\/wp\/v2\/users\/1"}],"replies":[{"embeddable":true,"href":"https:\/\/www.dgs-fussball.de\/index.php?rest_route=%2Fwp%2Fv2%2Fcomments&post=2944"}],"version-history":[{"count":1,"href":"https:\/\/www.dgs-fussball.de\/index.php?rest_route=\/wp\/v2\/posts\/2944\/revisions"}],"predecessor-version":[{"id":2945,"href":"https:\/\/www.dgs-fussball.de\/index.php?rest_route=\/wp\/v2\/posts\/2944\/revisions\/2945"}],"wp:attachment":[{"href":"https:\/\/www.dgs-fussball.de\/index.php?rest_route=%2Fwp%2Fv2%2Fmedia&parent=2944"}],"wp:term":[{"taxonomy":"category","embeddable":true,"href":"https:\/\/www.dgs-fussball.de\/index.php?rest_route=%2Fwp%2Fv2%2Fcategories&post=2944"},{"taxonomy":"post_tag","embeddable":true,"href":"https:\/\/www.dgs-fussball.de\/index.php?rest_route=%2Fwp%2Fv2%2Ftags&post=2944"}],"curies":[{"name":"wp","href":"https:\/\/api.w.org\/{rel}","templated":true}]}}