{"id":2983,"date":"2015-10-15T22:09:05","date_gmt":"2015-10-15T20:09:05","guid":{"rendered":"http:\/\/www.dgs-fussball.de\/?p=2983"},"modified":"2015-10-15T22:09:05","modified_gmt":"2015-10-15T20:09:05","slug":"terminkalender-2015-2016-und-spielplan-pokal-20152016","status":"publish","type":"post","link":"https:\/\/www.dgs-fussball.de\/?p=2983","title":{"rendered":"Terminkalender 2015 + 2016 und Spielplan Pokal 2015\/2016"},"content":{"rendered":"<p style=\"text-align: center;\">Liebe Sportkameraden,<\/p>\n<p style=\"text-align: center;\">anbei erhaltet ihr die neuesten Termine f\u00fcr dieses und n\u00e4chstes Jahr.<br \/>\nEventuell muss ich ein paar Termine im Mai oder Juni 2016 \u00e4ndern, falls es doch Nationallehrgang f\u00fcr die anstehende WM in Italien gibt,<br \/>\nDie Termine ab September 2016 sind noch nicht endg\u00fcltig, warte noch auf die weiteren Termine von der Sparte Fu\u00dfball im DGS.<\/p>\n<p style=\"text-align: center;\">Dazu gibt es den Spielplan mit Termine f\u00fcr den Pokal in der Saison 2015\/2016.<\/p>\n<p style=\"text-align: center;\">Mit sportlichen Gr\u00fc\u00dfen<\/p>\n<p style=\"text-align: center;\">Jochen Noe<br \/>\nFachwart Sparte Fu\u00dfball<br \/>\nBayerischer Geh\u00f6rlosen-Sportverband e.V.<\/p>\n<p style=\"text-align: center;\"><strong>Anlage:<\/strong><br \/>\n<a href=\"https:\/\/www.dgs-fussball.de\/wordpress\/wp-content\/uploads\/2015\/10\/Terminkalender-2015-2016_141015.pdf\">spielplan_pokal2015-2016_141015<br \/>\nTerminkalender 2015-2016_141015<\/a><\/p>\n","protected":false},"excerpt":{"rendered":"<p>Liebe Sportkameraden, anbei erhaltet ihr die neuesten Termine f\u00fcr dieses und n\u00e4chstes Jahr. Eventuell muss ich ein paar Termine im Mai oder Juni 2016 \u00e4ndern, falls es doch Nationallehrgang f\u00fcr die anstehende WM in Italien gibt, Die Termine ab September 2016 sind noch nicht endg\u00fcltig, warte noch auf die weiteren Termine von der Sparte Fu\u00dfball im DGS. Dazu gibt es<\/p>\n","protected":false},"author":1,"featured_media":0,"comment_status":"closed","ping_status":"closed","sticky":false,"template":"","format":"standard","meta":{"ngg_post_thumbnail":0,"footnotes":""},"categories":[33],"tags":[],"class_list":["post-2983","post","type-post","status-publish","format-standard","hentry","category-regional-bayern"],"_links":{"self":[{"href":"https:\/\/www.dgs-fussball.de\/index.php?rest_route=\/wp\/v2\/posts\/2983","targetHints":{"allow":["GET"]}}],"collection":[{"href":"https:\/\/www.dgs-fussball.de\/index.php?rest_route=\/wp\/v2\/posts"}],"about":[{"href":"https:\/\/www.dgs-fussball.de\/index.php?rest_route=\/wp\/v2\/types\/post"}],"author":[{"embeddable":true,"href":"https:\/\/www.dgs-fussball.de\/index.php?rest_route=\/wp\/v2\/users\/1"}],"replies":[{"embeddable":true,"href":"https:\/\/www.dgs-fussball.de\/index.php?rest_route=%2Fwp%2Fv2%2Fcomments&post=2983"}],"version-history":[{"count":1,"href":"https:\/\/www.dgs-fussball.de\/index.php?rest_route=\/wp\/v2\/posts\/2983\/revisions"}],"predecessor-version":[{"id":2986,"href":"https:\/\/www.dgs-fussball.de\/index.php?rest_route=\/wp\/v2\/posts\/2983\/revisions\/2986"}],"wp:attachment":[{"href":"https:\/\/www.dgs-fussball.de\/index.php?rest_route=%2Fwp%2Fv2%2Fmedia&parent=2983"}],"wp:term":[{"taxonomy":"category","embeddable":true,"href":"https:\/\/www.dgs-fussball.de\/index.php?rest_route=%2Fwp%2Fv2%2Fcategories&post=2983"},{"taxonomy":"post_tag","embeddable":true,"href":"https:\/\/www.dgs-fussball.de\/index.php?rest_route=%2Fwp%2Fv2%2Ftags&post=2983"}],"curies":[{"name":"wp","href":"https:\/\/api.w.org\/{rel}","templated":true}]}}