{"id":3005,"date":"2015-11-03T11:39:37","date_gmt":"2015-11-03T09:39:37","guid":{"rendered":"http:\/\/www.dgs-fussball.de\/?p=3005"},"modified":"2015-11-03T11:39:37","modified_gmt":"2015-11-03T09:39:37","slug":"fuer-die-statisiker","status":"publish","type":"post","link":"https:\/\/www.dgs-fussball.de\/?p=3005","title":{"rendered":"F\u00fcr die Statisiker&#8230;"},"content":{"rendered":"<p style=\"text-align: center;\">Liebe Sportkamerade<\/p>\n<p style=\"text-align: center;\">Hiermit m\u00f6chte ich an allen Vereine umfragen darunter fehlen einigen Torsch\u00fctzen f\u00fcr 2 Spiele vom 2.EM 1991 in Gent\/BEL<\/p>\n<p style=\"text-align: center;\">Wer hat Tor geschossen?<\/p>\n<p style=\"text-align: center;\">06.06.1991 in Gent\/BEL 2.EM GER \u2013 ITA 5:0 (:)<br \/>\nTorsch\u00fctzen:2x Andreas Salzmann, &#8230;&#8230;&#8230;&#8230;&#8230;&#8230;&#8230;&#8230;&#8230;&#8230;&#8230;<\/p>\n<p style=\"text-align: center;\">Aufstellung: Dirk-Stefan Zimmermann, Klaus Pfefferl, Matthias Schwede, J\u00fcrgen Bauer, Michael Speckert, Holger Stapelfeldt, Ullrich Kluge, Dieter Schr\u00f6ders, Stefan Eicker, Dirk Reinhard, Rainer Rosenbaum, Bernd Duda, Andreas Salzmann<\/p>\n<p style=\"text-align: center;\">07.06.1991 in Gent\/BEL 2.EM GER \u2013 HUN 8:1 (:)<br \/>\nTorsch\u00fctzen: Dieter Schr\u00f6ders,2x Dirk Reinhard,Bernd Duda &#8230;&#8230;&#8230;&#8230;<\/p>\n<p style=\"text-align: center;\">Aufstellung: Dirk-Stefan Zimmermann, Stefan Eicker (Wuppertal), Ullrich Kluge (Hamburg), Matthias Schwede (Bremen),J\u00fcrgen Bauer (Bayreuth), Michael Speckert (Frankenthal), Frank Witgens, Dieter Schr\u00f6ders (D\u00fcsseldorf), Dirk Reinhard (Mannheim), Rainer Rosenbaum, Bernd Duda (Bamberg), Andreas Salzmann (Stuttgart), Torsten Mertens (Stuttgart)<\/p>\n<p style=\"text-align: center;\">Melden an Mail: Klaus.dsv.Fussball@googlemail.com<\/p>\n<p style=\"text-align: center;\"><strong>Anlage:<\/strong><br \/>\n<a href=\"https:\/\/www.dgs-fussball.de\/wordpress\/wp-content\/uploads\/2015\/11\/Eins\u00e4tze-f\u00fcr-1-8.EM_.pdf\">Eins\u00e4tze f\u00fcr 1-8.EM<\/a><br \/>\n<a href=\"https:\/\/www.dgs-fussball.de\/wordpress\/wp-content\/uploads\/2015\/11\/Torsch\u00fctzen-f\u00fcr-1-8.EM_.pdf\">Torsch\u00fctzen f\u00fcr 1-8.EM<\/a><\/p>\n","protected":false},"excerpt":{"rendered":"<p>Liebe Sportkamerade Hiermit m\u00f6chte ich an allen Vereine umfragen darunter fehlen einigen Torsch\u00fctzen f\u00fcr 2 Spiele vom 2.EM 1991 in Gent\/BEL Wer hat Tor geschossen? 06.06.1991 in Gent\/BEL 2.EM GER \u2013 ITA 5:0 (:) Torsch\u00fctzen:2x Andreas Salzmann, &#8230;&#8230;&#8230;&#8230;&#8230;&#8230;&#8230;&#8230;&#8230;&#8230;&#8230; Aufstellung: Dirk-Stefan Zimmermann, Klaus Pfefferl, Matthias Schwede, J\u00fcrgen Bauer, Michael Speckert, Holger Stapelfeldt, Ullrich Kluge, Dieter Schr\u00f6ders, Stefan Eicker, Dirk Reinhard, Rainer<\/p>\n","protected":false},"author":1,"featured_media":0,"comment_status":"closed","ping_status":"closed","sticky":false,"template":"","format":"standard","meta":{"ngg_post_thumbnail":0,"footnotes":""},"categories":[1],"tags":[],"class_list":["post-3005","post","type-post","status-publish","format-standard","hentry","category-allgemein"],"_links":{"self":[{"href":"https:\/\/www.dgs-fussball.de\/index.php?rest_route=\/wp\/v2\/posts\/3005","targetHints":{"allow":["GET"]}}],"collection":[{"href":"https:\/\/www.dgs-fussball.de\/index.php?rest_route=\/wp\/v2\/posts"}],"about":[{"href":"https:\/\/www.dgs-fussball.de\/index.php?rest_route=\/wp\/v2\/types\/post"}],"author":[{"embeddable":true,"href":"https:\/\/www.dgs-fussball.de\/index.php?rest_route=\/wp\/v2\/users\/1"}],"replies":[{"embeddable":true,"href":"https:\/\/www.dgs-fussball.de\/index.php?rest_route=%2Fwp%2Fv2%2Fcomments&post=3005"}],"version-history":[{"count":1,"href":"https:\/\/www.dgs-fussball.de\/index.php?rest_route=\/wp\/v2\/posts\/3005\/revisions"}],"predecessor-version":[{"id":3008,"href":"https:\/\/www.dgs-fussball.de\/index.php?rest_route=\/wp\/v2\/posts\/3005\/revisions\/3008"}],"wp:attachment":[{"href":"https:\/\/www.dgs-fussball.de\/index.php?rest_route=%2Fwp%2Fv2%2Fmedia&parent=3005"}],"wp:term":[{"taxonomy":"category","embeddable":true,"href":"https:\/\/www.dgs-fussball.de\/index.php?rest_route=%2Fwp%2Fv2%2Fcategories&post=3005"},{"taxonomy":"post_tag","embeddable":true,"href":"https:\/\/www.dgs-fussball.de\/index.php?rest_route=%2Fwp%2Fv2%2Ftags&post=3005"}],"curies":[{"name":"wp","href":"https:\/\/api.w.org\/{rel}","templated":true}]}}