{"id":3264,"date":"2016-07-26T09:06:36","date_gmt":"2016-07-26T07:06:36","guid":{"rendered":"http:\/\/www.dgs-fussball.de\/?p=3264"},"modified":"2016-07-26T09:06:36","modified_gmt":"2016-07-26T07:06:36","slug":"tagung-der-sparte-fussball-am-1-oktober-2016-in-hannover","status":"publish","type":"post","link":"https:\/\/www.dgs-fussball.de\/?p=3264","title":{"rendered":"Tagung der Sparte Fu\u00dfball am 1. Oktober 2016 in Hannover"},"content":{"rendered":"<p style=\"text-align: center;\">Liebe Sportkameradinnen und Sportkameraden,<\/p>\n<p style=\"text-align: center;\">in der Anlage die Einladung zur Tagung der Sparte Fu\u00dfball am 1. Oktober 2016 in Hannover. Bitte an Eure Vereine zur INFO weiterleiten. Ich hoffe, dass ich niemanden vergessen habe.<\/p>\n<p style=\"text-align: center;\">Mit sportlichen Gr\u00fc\u00dfen<br \/>\nDieter Wickert<br \/>\nVerbandsfu\u00dfballwart<\/p>\n<p style=\"text-align: center;\"><strong>Anlage:<\/strong><br \/>\n<a href=\"https:\/\/www.dgs-fussball.de\/wordpress\/wp-content\/uploads\/2016\/07\/Anmeldeformular-Delegierte-Fu\u00dfballtagung-2016.doc\">Anmeldeformular Delegierte Fu\u00dfballtagung 2016<\/a><br \/>\n<a href=\"https:\/\/www.dgs-fussball.de\/wordpress\/wp-content\/uploads\/2016\/07\/Tagung-der-Sparte-Fu\u00dfball-2016-Einladung.pdf\">Tagung der Sparte Fu\u00dfball 2016, Einladung<\/a><\/p>\n","protected":false},"excerpt":{"rendered":"<p>Liebe Sportkameradinnen und Sportkameraden, in der Anlage die Einladung zur Tagung der Sparte Fu\u00dfball am 1. Oktober 2016 in Hannover. Bitte an Eure Vereine zur INFO weiterleiten. Ich hoffe, dass ich niemanden vergessen habe. Mit sportlichen Gr\u00fc\u00dfen Dieter Wickert Verbandsfu\u00dfballwart Anlage: Anmeldeformular Delegierte Fu\u00dfballtagung 2016 Tagung der Sparte Fu\u00dfball 2016, Einladung<\/p>\n","protected":false},"author":1,"featured_media":0,"comment_status":"closed","ping_status":"closed","sticky":false,"template":"","format":"standard","meta":{"ngg_post_thumbnail":0,"footnotes":""},"categories":[1],"tags":[],"class_list":["post-3264","post","type-post","status-publish","format-standard","hentry","category-allgemein"],"_links":{"self":[{"href":"https:\/\/www.dgs-fussball.de\/index.php?rest_route=\/wp\/v2\/posts\/3264","targetHints":{"allow":["GET"]}}],"collection":[{"href":"https:\/\/www.dgs-fussball.de\/index.php?rest_route=\/wp\/v2\/posts"}],"about":[{"href":"https:\/\/www.dgs-fussball.de\/index.php?rest_route=\/wp\/v2\/types\/post"}],"author":[{"embeddable":true,"href":"https:\/\/www.dgs-fussball.de\/index.php?rest_route=\/wp\/v2\/users\/1"}],"replies":[{"embeddable":true,"href":"https:\/\/www.dgs-fussball.de\/index.php?rest_route=%2Fwp%2Fv2%2Fcomments&post=3264"}],"version-history":[{"count":1,"href":"https:\/\/www.dgs-fussball.de\/index.php?rest_route=\/wp\/v2\/posts\/3264\/revisions"}],"predecessor-version":[{"id":3267,"href":"https:\/\/www.dgs-fussball.de\/index.php?rest_route=\/wp\/v2\/posts\/3264\/revisions\/3267"}],"wp:attachment":[{"href":"https:\/\/www.dgs-fussball.de\/index.php?rest_route=%2Fwp%2Fv2%2Fmedia&parent=3264"}],"wp:term":[{"taxonomy":"category","embeddable":true,"href":"https:\/\/www.dgs-fussball.de\/index.php?rest_route=%2Fwp%2Fv2%2Fcategories&post=3264"},{"taxonomy":"post_tag","embeddable":true,"href":"https:\/\/www.dgs-fussball.de\/index.php?rest_route=%2Fwp%2Fv2%2Ftags&post=3264"}],"curies":[{"name":"wp","href":"https:\/\/api.w.org\/{rel}","templated":true}]}}