{"id":3323,"date":"2016-09-20T20:21:45","date_gmt":"2016-09-20T18:21:45","guid":{"rendered":"http:\/\/www.dgs-fussball.de\/?p=3323"},"modified":"2016-09-20T20:21:45","modified_gmt":"2016-09-20T18:21:45","slug":"ergebnisse-der-deutsche-gehoerlosen-fussballmeisterschaft-der-senioren-auf-grossfeld-vom-10-september-2016-in-stuttgart","status":"publish","type":"post","link":"https:\/\/www.dgs-fussball.de\/?p=3323","title":{"rendered":"Ergebnisse der Deutsche-Geh\u00f6rlosen-Fu\u00dfballmeisterschaft der Senioren auf Gro\u00dffeld vom 10. September 2016 in Stuttgart"},"content":{"rendered":"<p style=\"text-align: center;\">Hallo liebe Fu\u00dfballkameraden,<br \/>\nanbei sende ich Euch die Ergebnisse der Deutsche Geh\u00f6rlosen- Fu\u00dfballmeisterschaft der Senioren auf Gro\u00dffeld vom 10.09.2016 in Stuttgart.<\/p>\n<p style=\"text-align: center;\">Mit freundlichen Gr\u00fc\u00dfen<br \/>\nRainer B\u00fcrger<br \/>\nTL Senioren<br \/>\nDGS Sparte Fu\u00dfball<\/p>\n<p style=\"text-align: center;\"><strong>Anlage:<\/strong><br \/>\n<a href=\"https:\/\/www.dgs-fussball.de\/wordpress\/wp-content\/uploads\/2016\/09\/Ergebnisse-DFM2016-Gro\u00dffeld-2016-Senioren-\u00c4nderung.pdf\">ergebnisse-dfm2016-grossfeld-2016-senioren-aenderung<\/a><\/p>\n","protected":false},"excerpt":{"rendered":"<p>Hallo liebe Fu\u00dfballkameraden, anbei sende ich Euch die Ergebnisse der Deutsche Geh\u00f6rlosen- Fu\u00dfballmeisterschaft der Senioren auf Gro\u00dffeld vom 10.09.2016 in Stuttgart. Mit freundlichen Gr\u00fc\u00dfen Rainer B\u00fcrger TL Senioren DGS Sparte Fu\u00dfball Anlage: ergebnisse-dfm2016-grossfeld-2016-senioren-aenderung<\/p>\n","protected":false},"author":1,"featured_media":0,"comment_status":"closed","ping_status":"closed","sticky":false,"template":"","format":"standard","meta":{"ngg_post_thumbnail":0,"footnotes":""},"categories":[11],"tags":[],"class_list":["post-3323","post","type-post","status-publish","format-standard","hentry","category-dm-senioren-grosfeld"],"_links":{"self":[{"href":"https:\/\/www.dgs-fussball.de\/index.php?rest_route=\/wp\/v2\/posts\/3323","targetHints":{"allow":["GET"]}}],"collection":[{"href":"https:\/\/www.dgs-fussball.de\/index.php?rest_route=\/wp\/v2\/posts"}],"about":[{"href":"https:\/\/www.dgs-fussball.de\/index.php?rest_route=\/wp\/v2\/types\/post"}],"author":[{"embeddable":true,"href":"https:\/\/www.dgs-fussball.de\/index.php?rest_route=\/wp\/v2\/users\/1"}],"replies":[{"embeddable":true,"href":"https:\/\/www.dgs-fussball.de\/index.php?rest_route=%2Fwp%2Fv2%2Fcomments&post=3323"}],"version-history":[{"count":1,"href":"https:\/\/www.dgs-fussball.de\/index.php?rest_route=\/wp\/v2\/posts\/3323\/revisions"}],"predecessor-version":[{"id":3325,"href":"https:\/\/www.dgs-fussball.de\/index.php?rest_route=\/wp\/v2\/posts\/3323\/revisions\/3325"}],"wp:attachment":[{"href":"https:\/\/www.dgs-fussball.de\/index.php?rest_route=%2Fwp%2Fv2%2Fmedia&parent=3323"}],"wp:term":[{"taxonomy":"category","embeddable":true,"href":"https:\/\/www.dgs-fussball.de\/index.php?rest_route=%2Fwp%2Fv2%2Fcategories&post=3323"},{"taxonomy":"post_tag","embeddable":true,"href":"https:\/\/www.dgs-fussball.de\/index.php?rest_route=%2Fwp%2Fv2%2Ftags&post=3323"}],"curies":[{"name":"wp","href":"https:\/\/api.w.org\/{rel}","templated":true}]}}