{"id":3332,"date":"2016-09-20T20:25:50","date_gmt":"2016-09-20T18:25:50","guid":{"rendered":"http:\/\/www.dgs-fussball.de\/?p=3332"},"modified":"2016-09-20T20:25:50","modified_gmt":"2016-09-20T18:25:50","slug":"sw-2-spieltag","status":"publish","type":"post","link":"https:\/\/www.dgs-fussball.de\/?p=3332","title":{"rendered":"SW: 2. Spieltag"},"content":{"rendered":"<p style=\"text-align: center;\">Liebe Sportkamerad,<\/p>\n<p style=\"text-align: center;\">entschuldige mich, dass ich Euch Ergebnis und Tabelle von 1. und 2. Spieltag versp\u00e4ten schicke.<\/p>\n<p style=\"text-align: center;\">Mit sportlichen Gr\u00fc\u00dfen,<br \/>\nChristian Wagner<\/p>\n<p style=\"text-align: center;\">&#8212;<br \/>\nS\u00fcdwest-Beauftragter<br \/>\nDGS Fu\u00dfball<\/p>\n<p style=\"text-align: center;\"><strong>Anlage:<\/strong><br \/>\n<a href=\"https:\/\/www.dgs-fussball.de\/wordpress\/wp-content\/uploads\/2016\/09\/Region-BW-SW-2016_2017-2.Spieltag.pdf\">region-bw-sw-2016_2017-2-spieltag<\/a><br \/>\n<a href=\"https:\/\/www.dgs-fussball.de\/wordpress\/wp-content\/uploads\/2016\/09\/Region-BW-SW-2016_2017-Tabelle.pdf\">region-bw-sw-2016_2017-tabelle<\/a><\/p>\n","protected":false},"excerpt":{"rendered":"<p>Liebe Sportkamerad, entschuldige mich, dass ich Euch Ergebnis und Tabelle von 1. und 2. Spieltag versp\u00e4ten schicke. Mit sportlichen Gr\u00fc\u00dfen, Christian Wagner &#8212; S\u00fcdwest-Beauftragter DGS Fu\u00dfball Anlage: region-bw-sw-2016_2017-2-spieltag region-bw-sw-2016_2017-tabelle<\/p>\n","protected":false},"author":1,"featured_media":0,"comment_status":"closed","ping_status":"closed","sticky":false,"template":"","format":"standard","meta":{"ngg_post_thumbnail":0,"footnotes":""},"categories":[32],"tags":[],"class_list":["post-3332","post","type-post","status-publish","format-standard","hentry","category-regional-suedwest"],"_links":{"self":[{"href":"https:\/\/www.dgs-fussball.de\/index.php?rest_route=\/wp\/v2\/posts\/3332","targetHints":{"allow":["GET"]}}],"collection":[{"href":"https:\/\/www.dgs-fussball.de\/index.php?rest_route=\/wp\/v2\/posts"}],"about":[{"href":"https:\/\/www.dgs-fussball.de\/index.php?rest_route=\/wp\/v2\/types\/post"}],"author":[{"embeddable":true,"href":"https:\/\/www.dgs-fussball.de\/index.php?rest_route=\/wp\/v2\/users\/1"}],"replies":[{"embeddable":true,"href":"https:\/\/www.dgs-fussball.de\/index.php?rest_route=%2Fwp%2Fv2%2Fcomments&post=3332"}],"version-history":[{"count":1,"href":"https:\/\/www.dgs-fussball.de\/index.php?rest_route=\/wp\/v2\/posts\/3332\/revisions"}],"predecessor-version":[{"id":3335,"href":"https:\/\/www.dgs-fussball.de\/index.php?rest_route=\/wp\/v2\/posts\/3332\/revisions\/3335"}],"wp:attachment":[{"href":"https:\/\/www.dgs-fussball.de\/index.php?rest_route=%2Fwp%2Fv2%2Fmedia&parent=3332"}],"wp:term":[{"taxonomy":"category","embeddable":true,"href":"https:\/\/www.dgs-fussball.de\/index.php?rest_route=%2Fwp%2Fv2%2Fcategories&post=3332"},{"taxonomy":"post_tag","embeddable":true,"href":"https:\/\/www.dgs-fussball.de\/index.php?rest_route=%2Fwp%2Fv2%2Ftags&post=3332"}],"curies":[{"name":"wp","href":"https:\/\/api.w.org\/{rel}","templated":true}]}}