{"id":3718,"date":"2017-06-14T13:14:08","date_gmt":"2017-06-14T11:14:08","guid":{"rendered":"http:\/\/www.dgs-fussball.de\/?p=3718"},"modified":"2017-06-14T13:14:08","modified_gmt":"2017-06-14T11:14:08","slug":"wichtige-informationen-beim-verbandspass-bearbeitung-innerhalb-bei-dgs-und-bei-der-dgs-sparte-fussball-im-juli-august-2017","status":"publish","type":"post","link":"https:\/\/www.dgs-fussball.de\/?p=3718","title":{"rendered":"Wichtige Informationen beim Verbandspass Bearbeitung innerhalb bei DGS und bei der DGS Sparte Fu\u00dfball im Juli August 2017"},"content":{"rendered":"<p style=\"text-align: center;\">Hallo lieben Sportkameraden\/innen innerhalb der Sparte Fu\u00dfball,<\/p>\n<p style=\"text-align: center;\">hiermit teile ich Euch alle vorab zwei wichtige Punkte, rechtzeitig f\u00fcr Verbandsp\u00e4sse zu beantragen&#8230;&#8230;..<\/p>\n<p style=\"text-align: center;\"><span style=\"text-decoration: underline;\"><strong>Gelber Verbandspass:<\/strong><\/span><\/p>\n<p style=\"text-align: center;\">Wer einen neuen gelben Verbandspass beantragen m\u00f6chte, sollte sich sehr bald tun, da wegen Deaflympics und<br \/>\nSommerurlaub ist die DGS Gesch\u00e4ftsstelle in Essen von <strong><span style=\"color: #ff0000;\">15. Juli bis 6. August 2017<\/span><\/strong> geschlossen.<\/p>\n<p style=\"text-align: center;\"><span style=\"text-decoration: underline;\"><strong>Roter Fu\u00dfballpass Bearbeitung:<\/strong><\/span><\/p>\n<p style=\"text-align: center;\">von <span style=\"color: #ff0000;\"><strong>1. Juli bis 15.08.2017<\/strong><\/span> ist die Passstelle von Linda Adrian wegen Sommerurlaub geschlossen.<\/p>\n<p style=\"text-align: center;\"><em>In der Zeit nimmt die <span style=\"text-decoration: underline;\"><strong>Verwaltungsstelle Klaus-Peter Mathies<\/strong><\/span> f\u00fcr die Passstelle Linda Adrian die Vertretung auf.<\/em><\/p>\n<p style=\"text-align: center;\">DGS-Sparte Fu\u00dfball &#8211; Verwaltungsstelle<br \/>\nKlaus-Peter Matthies<br \/>\nSchlagenheide 9<br \/>\n45888 Gelsenkirchen<\/p>\n<p style=\"text-align: center;\">Mit sportlichen Gr\u00fc\u00dfen<\/p>\n<p style=\"text-align: center;\">Rainer B\u00fcrger<br \/>\nkomm. Verbandsfu\u00dfballwart<br \/>\nDGS &#8211; Sparte Fu\u00dfball<\/p>\n","protected":false},"excerpt":{"rendered":"<p>Hallo lieben Sportkameraden\/innen innerhalb der Sparte Fu\u00dfball, hiermit teile ich Euch alle vorab zwei wichtige Punkte, rechtzeitig f\u00fcr Verbandsp\u00e4sse zu beantragen&#8230;&#8230;.. Gelber Verbandspass: Wer einen neuen gelben Verbandspass beantragen m\u00f6chte, sollte sich sehr bald tun, da wegen Deaflympics und Sommerurlaub ist die DGS Gesch\u00e4ftsstelle in Essen von 15. Juli bis 6. August 2017 geschlossen. Roter Fu\u00dfballpass Bearbeitung: von 1. Juli<\/p>\n","protected":false},"author":1,"featured_media":0,"comment_status":"closed","ping_status":"closed","sticky":false,"template":"","format":"standard","meta":{"ngg_post_thumbnail":0,"footnotes":""},"categories":[1],"tags":[],"class_list":["post-3718","post","type-post","status-publish","format-standard","hentry","category-allgemein"],"_links":{"self":[{"href":"https:\/\/www.dgs-fussball.de\/index.php?rest_route=\/wp\/v2\/posts\/3718","targetHints":{"allow":["GET"]}}],"collection":[{"href":"https:\/\/www.dgs-fussball.de\/index.php?rest_route=\/wp\/v2\/posts"}],"about":[{"href":"https:\/\/www.dgs-fussball.de\/index.php?rest_route=\/wp\/v2\/types\/post"}],"author":[{"embeddable":true,"href":"https:\/\/www.dgs-fussball.de\/index.php?rest_route=\/wp\/v2\/users\/1"}],"replies":[{"embeddable":true,"href":"https:\/\/www.dgs-fussball.de\/index.php?rest_route=%2Fwp%2Fv2%2Fcomments&post=3718"}],"version-history":[{"count":1,"href":"https:\/\/www.dgs-fussball.de\/index.php?rest_route=\/wp\/v2\/posts\/3718\/revisions"}],"predecessor-version":[{"id":3719,"href":"https:\/\/www.dgs-fussball.de\/index.php?rest_route=\/wp\/v2\/posts\/3718\/revisions\/3719"}],"wp:attachment":[{"href":"https:\/\/www.dgs-fussball.de\/index.php?rest_route=%2Fwp%2Fv2%2Fmedia&parent=3718"}],"wp:term":[{"taxonomy":"category","embeddable":true,"href":"https:\/\/www.dgs-fussball.de\/index.php?rest_route=%2Fwp%2Fv2%2Fcategories&post=3718"},{"taxonomy":"post_tag","embeddable":true,"href":"https:\/\/www.dgs-fussball.de\/index.php?rest_route=%2Fwp%2Fv2%2Ftags&post=3718"}],"curies":[{"name":"wp","href":"https:\/\/api.w.org\/{rel}","templated":true}]}}