{"id":3841,"date":"2017-09-08T13:51:45","date_gmt":"2017-09-08T11:51:45","guid":{"rendered":"http:\/\/www.dgs-fussball.de\/?p=3841"},"modified":"2017-09-08T13:51:45","modified_gmt":"2017-09-08T11:51:45","slug":"vereinsewechsel-01-07-17-15-08-2017-stand-31-07-17","status":"publish","type":"post","link":"https:\/\/www.dgs-fussball.de\/?p=3841","title":{"rendered":"Vereinsewechsel 01.07.17-15.08-2017 Stand 31.07.17"},"content":{"rendered":"<p style=\"text-align: center;\">Lieber Sportkamerad,<\/p>\n<p style=\"text-align: center;\">Ich habe bitte,die Vereinswechsellliste vom 01.07.2017 bis 15.08.2017 mein bearbeiten von Urlaub Linda Adrian vertreter in der Homepage ver\u00f6ffentlichen.<\/p>\n<p style=\"text-align: center;\">Vielen Dank im Voraus<\/p>\n<p style=\"text-align: center;\">Mit freundlichen Gr\u00fc\u00dfen<br \/>\nKlaus-Peter Matthies<br \/>\n-Verwaltungsstelle-<\/p>\n<p style=\"text-align: center;\"><a href=\"https:\/\/www.dgs-fussball.de\/wordpress\/wp-content\/uploads\/2017\/09\/Vereinsewechsel-01.07.17-15.08-2017-Stand-31.07.17.pdf\">Vereinsewechsel 01.07.17-15.08-2017 Stand 31.07.17<\/a><\/p>\n","protected":false},"excerpt":{"rendered":"<p>Lieber Sportkamerad, Ich habe bitte,die Vereinswechsellliste vom 01.07.2017 bis 15.08.2017 mein bearbeiten von Urlaub Linda Adrian vertreter in der Homepage ver\u00f6ffentlichen. Vielen Dank im Voraus Mit freundlichen Gr\u00fc\u00dfen Klaus-Peter Matthies -Verwaltungsstelle- Vereinsewechsel 01.07.17-15.08-2017 Stand 31.07.17<\/p>\n","protected":false},"author":1,"featured_media":0,"comment_status":"closed","ping_status":"closed","sticky":false,"template":"","format":"standard","meta":{"ngg_post_thumbnail":0,"footnotes":""},"categories":[6],"tags":[],"class_list":["post-3841","post","type-post","status-publish","format-standard","hentry","category-vereinswechsel"],"_links":{"self":[{"href":"https:\/\/www.dgs-fussball.de\/index.php?rest_route=\/wp\/v2\/posts\/3841","targetHints":{"allow":["GET"]}}],"collection":[{"href":"https:\/\/www.dgs-fussball.de\/index.php?rest_route=\/wp\/v2\/posts"}],"about":[{"href":"https:\/\/www.dgs-fussball.de\/index.php?rest_route=\/wp\/v2\/types\/post"}],"author":[{"embeddable":true,"href":"https:\/\/www.dgs-fussball.de\/index.php?rest_route=\/wp\/v2\/users\/1"}],"replies":[{"embeddable":true,"href":"https:\/\/www.dgs-fussball.de\/index.php?rest_route=%2Fwp%2Fv2%2Fcomments&post=3841"}],"version-history":[{"count":1,"href":"https:\/\/www.dgs-fussball.de\/index.php?rest_route=\/wp\/v2\/posts\/3841\/revisions"}],"predecessor-version":[{"id":3843,"href":"https:\/\/www.dgs-fussball.de\/index.php?rest_route=\/wp\/v2\/posts\/3841\/revisions\/3843"}],"wp:attachment":[{"href":"https:\/\/www.dgs-fussball.de\/index.php?rest_route=%2Fwp%2Fv2%2Fmedia&parent=3841"}],"wp:term":[{"taxonomy":"category","embeddable":true,"href":"https:\/\/www.dgs-fussball.de\/index.php?rest_route=%2Fwp%2Fv2%2Fcategories&post=3841"},{"taxonomy":"post_tag","embeddable":true,"href":"https:\/\/www.dgs-fussball.de\/index.php?rest_route=%2Fwp%2Fv2%2Ftags&post=3841"}],"curies":[{"name":"wp","href":"https:\/\/api.w.org\/{rel}","templated":true}]}}