{"id":4114,"date":"2018-02-17T10:00:43","date_gmt":"2018-02-17T08:00:43","guid":{"rendered":"http:\/\/www.dgs-fussball.de\/?p=4114"},"modified":"2018-02-17T10:00:43","modified_gmt":"2018-02-17T08:00:43","slug":"ausschreibung-fuer-die-deutsche-gehoerlosen-meisterschaften-der-jugend-grossfeld-2018","status":"publish","type":"post","link":"https:\/\/www.dgs-fussball.de\/?p=4114","title":{"rendered":"Ausschreibung f\u00fcr die Deutsche Geh\u00f6rlosen Meisterschaften der Jugend Gro\u00dffeld 2018"},"content":{"rendered":"<p style=\"text-align: center;\">Liebe Sportkameraden,<\/p>\n<p style=\"text-align: center;\">anbei die Ausschreibung f\u00fcr die Deutsche Geh\u00f6rlosen Meisterschaften der Jugend im Gro\u00dffeld. Ich bitte zu beachten, dass die <span style=\"color: #ff0000;\"><strong>Anmeldeschluss der 15. M\u00e4rz 2018<\/strong><\/span> ist.<\/p>\n<p style=\"text-align: center;\">Eine schriftliche Absage an mich ist nicht notwendig. Falls ihr Fragen habt, helfe ich euch gerne weiter.<\/p>\n<p style=\"text-align: center;\">Mit sportlichen Gr\u00fc\u00dfen<br \/>\nBenjamin Heymel<br \/>\nTechnischer Leiter Jugend und Frauen<br \/>\nDeutscher Geh\u00f6rlosen Sportverband &#8211; Sparte Fussball<\/p>\n<p style=\"text-align: center;\"><strong>Anlage:<\/strong><br \/>\n<a href=\"https:\/\/www.dgs-fussball.de\/wordpress\/wp-content\/uploads\/2018\/02\/Anmeldung-Deutsche-Gro\u00dffeldmeisterschaft_Jugend.pdf\">Anmeldung Deutsche Gro\u00dffeldmeisterschaft_Jugend<\/a><br \/>\n<a href=\"https:\/\/www.dgs-fussball.de\/wordpress\/wp-content\/uploads\/2018\/02\/Antrag-Jugend-Spielgemeinschaft-2018.pdf\">Antrag Jugend-Spielgemeinschaft 2018<\/a><br \/>\n<a href=\"https:\/\/www.dgs-fussball.de\/wordpress\/wp-content\/uploads\/2018\/02\/Ausschreibung-Deutsche-Gro\u00dffeldmeisterschaft_Jugend.pdf\">Ausschreibung Deutsche Gro\u00dffeldmeisterschaft_Jugend<\/a><br \/>\n<a href=\"https:\/\/www.dgs-fussball.de\/wordpress\/wp-content\/uploads\/2018\/02\/Durchf\u00fchrungsbestimmungen-Deutsche-Gro\u00dffeldmeisterschaft_Jugend.pdf\">Durchf\u00fchrungsbestimmungen Deutsche Gro\u00dffeldmeisterschaft_Jugend<\/a><\/p>\n","protected":false},"excerpt":{"rendered":"<p>Liebe Sportkameraden, anbei die Ausschreibung f\u00fcr die Deutsche Geh\u00f6rlosen Meisterschaften der Jugend im Gro\u00dffeld. Ich bitte zu beachten, dass die Anmeldeschluss der 15. M\u00e4rz 2018 ist. Eine schriftliche Absage an mich ist nicht notwendig. Falls ihr Fragen habt, helfe ich euch gerne weiter. Mit sportlichen Gr\u00fc\u00dfen Benjamin Heymel Technischer Leiter Jugend und Frauen Deutscher Geh\u00f6rlosen Sportverband &#8211; Sparte Fussball Anlage:<\/p>\n","protected":false},"author":1,"featured_media":0,"comment_status":"closed","ping_status":"closed","sticky":false,"template":"","format":"standard","meta":{"ngg_post_thumbnail":0,"footnotes":""},"categories":[15],"tags":[],"class_list":["post-4114","post","type-post","status-publish","format-standard","hentry","category-dm-jugend-grosfeld"],"_links":{"self":[{"href":"https:\/\/www.dgs-fussball.de\/index.php?rest_route=\/wp\/v2\/posts\/4114","targetHints":{"allow":["GET"]}}],"collection":[{"href":"https:\/\/www.dgs-fussball.de\/index.php?rest_route=\/wp\/v2\/posts"}],"about":[{"href":"https:\/\/www.dgs-fussball.de\/index.php?rest_route=\/wp\/v2\/types\/post"}],"author":[{"embeddable":true,"href":"https:\/\/www.dgs-fussball.de\/index.php?rest_route=\/wp\/v2\/users\/1"}],"replies":[{"embeddable":true,"href":"https:\/\/www.dgs-fussball.de\/index.php?rest_route=%2Fwp%2Fv2%2Fcomments&post=4114"}],"version-history":[{"count":1,"href":"https:\/\/www.dgs-fussball.de\/index.php?rest_route=\/wp\/v2\/posts\/4114\/revisions"}],"predecessor-version":[{"id":4119,"href":"https:\/\/www.dgs-fussball.de\/index.php?rest_route=\/wp\/v2\/posts\/4114\/revisions\/4119"}],"wp:attachment":[{"href":"https:\/\/www.dgs-fussball.de\/index.php?rest_route=%2Fwp%2Fv2%2Fmedia&parent=4114"}],"wp:term":[{"taxonomy":"category","embeddable":true,"href":"https:\/\/www.dgs-fussball.de\/index.php?rest_route=%2Fwp%2Fv2%2Fcategories&post=4114"},{"taxonomy":"post_tag","embeddable":true,"href":"https:\/\/www.dgs-fussball.de\/index.php?rest_route=%2Fwp%2Fv2%2Ftags&post=4114"}],"curies":[{"name":"wp","href":"https:\/\/api.w.org\/{rel}","templated":true}]}}