{"id":4183,"date":"2018-04-30T08:21:56","date_gmt":"2018-04-30T06:21:56","guid":{"rendered":"http:\/\/www.dgs-fussball.de\/?p=4183"},"modified":"2018-04-30T08:21:56","modified_gmt":"2018-04-30T06:21:56","slug":"amtliche-bekanntmachung-der-dgs-fussballsparte-neuer-sportgericht-fuer-nrw-bayern-ost","status":"publish","type":"post","link":"https:\/\/www.dgs-fussball.de\/?p=4183","title":{"rendered":"Amtliche Bekanntmachung der DGS Fu\u00dfballsparte \/ Neuer Sportgericht f\u00fcr NRW\/Bayern\/Ost"},"content":{"rendered":"<p style=\"text-align: center;\">Liebe Mailempf\u00e4nger,<\/p>\n<p style=\"text-align: center;\">Da unser DGS &#8211; Sparte Fu\u00dfball Sportgericht Axel Jung als Sportgericht NRW\/Bayern\/Ost bei uns zur\u00fcckgezogen hatte, haben wir ab 1. Mai 2018 einen neuen Sportgericht gefunden.<\/p>\n<p style=\"text-align: center;\">Bernhard Kohler aus Gundelfingen wird ab sofort zum neuen Sportgericht NRW\/Bayern\/Ost f\u00fcr die DGS &#8211; Sparte Fu\u00dfball t\u00e4tig.<\/p>\n<p style=\"text-align: center;\">Bitte um Weiterleiten, Danke.<\/p>\n<p style=\"text-align: center;\">Mit sportlichen Gr\u00fc\u00dfen<\/p>\n<p style=\"text-align: center;\">Rainer B\u00fcrger<\/p>\n<p style=\"text-align: center;\">komm. Verbandsfu\u00dfballwart<br \/>\nDGS &#8211; Sparte Fu\u00dfball<\/p>\n","protected":false},"excerpt":{"rendered":"<p>Liebe Mailempf\u00e4nger, Da unser DGS &#8211; Sparte Fu\u00dfball Sportgericht Axel Jung als Sportgericht NRW\/Bayern\/Ost bei uns zur\u00fcckgezogen hatte, haben wir ab 1. Mai 2018 einen neuen Sportgericht gefunden. Bernhard Kohler aus Gundelfingen wird ab sofort zum neuen Sportgericht NRW\/Bayern\/Ost f\u00fcr die DGS &#8211; Sparte Fu\u00dfball t\u00e4tig. Bitte um Weiterleiten, Danke. Mit sportlichen Gr\u00fc\u00dfen Rainer B\u00fcrger komm. Verbandsfu\u00dfballwart DGS &#8211; Sparte<\/p>\n","protected":false},"author":1,"featured_media":0,"comment_status":"closed","ping_status":"closed","sticky":false,"template":"","format":"standard","meta":{"ngg_post_thumbnail":0,"footnotes":""},"categories":[1],"tags":[],"class_list":["post-4183","post","type-post","status-publish","format-standard","hentry","category-allgemein"],"_links":{"self":[{"href":"https:\/\/www.dgs-fussball.de\/index.php?rest_route=\/wp\/v2\/posts\/4183","targetHints":{"allow":["GET"]}}],"collection":[{"href":"https:\/\/www.dgs-fussball.de\/index.php?rest_route=\/wp\/v2\/posts"}],"about":[{"href":"https:\/\/www.dgs-fussball.de\/index.php?rest_route=\/wp\/v2\/types\/post"}],"author":[{"embeddable":true,"href":"https:\/\/www.dgs-fussball.de\/index.php?rest_route=\/wp\/v2\/users\/1"}],"replies":[{"embeddable":true,"href":"https:\/\/www.dgs-fussball.de\/index.php?rest_route=%2Fwp%2Fv2%2Fcomments&post=4183"}],"version-history":[{"count":2,"href":"https:\/\/www.dgs-fussball.de\/index.php?rest_route=\/wp\/v2\/posts\/4183\/revisions"}],"predecessor-version":[{"id":4195,"href":"https:\/\/www.dgs-fussball.de\/index.php?rest_route=\/wp\/v2\/posts\/4183\/revisions\/4195"}],"wp:attachment":[{"href":"https:\/\/www.dgs-fussball.de\/index.php?rest_route=%2Fwp%2Fv2%2Fmedia&parent=4183"}],"wp:term":[{"taxonomy":"category","embeddable":true,"href":"https:\/\/www.dgs-fussball.de\/index.php?rest_route=%2Fwp%2Fv2%2Fcategories&post=4183"},{"taxonomy":"post_tag","embeddable":true,"href":"https:\/\/www.dgs-fussball.de\/index.php?rest_route=%2Fwp%2Fv2%2Ftags&post=4183"}],"curies":[{"name":"wp","href":"https:\/\/api.w.org\/{rel}","templated":true}]}}