{"id":4215,"date":"2018-05-06T19:44:09","date_gmt":"2018-05-06T17:44:09","guid":{"rendered":"http:\/\/www.dgs-fussball.de\/?p=4215"},"modified":"2018-05-06T19:44:09","modified_gmt":"2018-05-06T17:44:09","slug":"spielplan-u21-bundeslaendermeisterschaft-2018-in-frankenthal","status":"publish","type":"post","link":"https:\/\/www.dgs-fussball.de\/?p=4215","title":{"rendered":"Spielplan U21 Bundesl\u00e4ndermeisterschaft 2018 in Frankenthal"},"content":{"rendered":"<p style=\"text-align: center;\">Liebe Sportkameraden,<\/p>\n<div style=\"text-align: center;\">&nbsp;<\/div>\n<div style=\"text-align: center;\">anbei der Spielplan&nbsp;f\u00fcr die&nbsp;<span class=\"oneComWebmail-gmail-m_2827550396867806007gmail-m_7064477626018288093m_2241492824179610823m_5834815546723112890gmail-il\"><span class=\"oneComWebmail-gmail-il\">U21<\/span><\/span>&nbsp;Bundesl\u00e4ndermeisterschaft 2018 in Frankenthal. Dieses Jahr findet die&nbsp;<span class=\"oneComWebmail-gmail-m_2827550396867806007gmail-m_7064477626018288093m_2241492824179610823m_5834815546723112890gmail-il\"><span class=\"oneComWebmail-gmail-il\">U21<\/span><\/span>&nbsp;im Rahmen der 7. Bundesjugendtreffen von 10. Mai &#8211; 12. Mai 2018. Die&nbsp;<span class=\"oneComWebmail-gmail-m_2827550396867806007gmail-m_7064477626018288093m_2241492824179610823m_5834815546723112890gmail-il\"><span class=\"oneComWebmail-gmail-il\">U21<\/span><\/span>&nbsp;wird am 11. und 12. Mai durchgef\u00fchrt.&nbsp;<\/div>\n<div style=\"text-align: center;\">&nbsp;<\/div>\n<div style=\"text-align: center;\">Die Turnierleitung wird von Spartenkassierer Frank Hay durchgef\u00fchrt.<\/div>\n<div style=\"text-align: center;\">&nbsp;<\/div>\n<div style=\"text-align: center;\">Falls ihr Fragen habt, helfe ich euch gerne weiter.<\/div>\n<div style=\"text-align: center;\">&nbsp;<\/div>\n<div style=\"text-align: center;\">&nbsp;<\/div>\n<div style=\"text-align: center;\">Mit sportlichen Gr\u00fc\u00dfen<\/div>\n<div class=\"oneComWebmail-gmail-yj6qo oneComWebmail-gmail-ajU\" style=\"text-align: center;\">\n<div class=\"oneComWebmail-gmail-ajR\" tabindex=\"0\"><img decoding=\"async\" class=\"oneComWebmail-gmail-ajT\" src=\"https:\/\/ssl.gstatic.com\/ui\/v1\/icons\/mail\/images\/cleardot.gif\"><\/div>\n<\/div>\n<div style=\"text-align: center;\">Benjamin Heymel<\/div>\n<div style=\"text-align: center;\">Technischer Leiter Jugend und Frauen<\/div>\n<div style=\"text-align: center;\">Deutscher Geh\u00f6rlosen Sportverband &#8211; Sparte Fussball<\/div>\n<div>&nbsp;<\/div>\n<div style=\"text-align: center;\"><a href=\"https:\/\/www.dgs-fussball.de\/wordpress\/wp-content\/uploads\/2018\/05\/Spielplan-U-21.pdf\">Spielplan U 21<\/a><\/div>\n<div style=\"text-align: center;\"><a href=\"https:\/\/www.dgs-fussball.de\/wordpress\/wp-content\/uploads\/2018\/05\/Ausschreibung-U21-Bundesl\u00e4ndermeisterschaft-2018-in-Frankenthal.pdf\">Ausschreibung-U21-Bundesl\u00e4ndermeisterschaft-2018-in-Frankenthal<\/a><\/div>\n<div style=\"text-align: center;\">&nbsp;<\/div>\n<div style=\"text-align: center;\">&nbsp;<\/div>\n<p style=\"text-align: center;\">&nbsp;<\/p>\n","protected":false},"excerpt":{"rendered":"<p>Liebe Sportkameraden, &nbsp; anbei der Spielplan&nbsp;f\u00fcr die&nbsp;U21&nbsp;Bundesl\u00e4ndermeisterschaft 2018 in Frankenthal. Dieses Jahr findet die&nbsp;U21&nbsp;im Rahmen der 7. Bundesjugendtreffen von 10. Mai &#8211; 12. Mai 2018. Die&nbsp;U21&nbsp;wird am 11. und 12. Mai durchgef\u00fchrt.&nbsp; &nbsp; Die Turnierleitung wird von Spartenkassierer Frank Hay durchgef\u00fchrt. &nbsp; Falls ihr Fragen habt, helfe ich euch gerne weiter. &nbsp; &nbsp; Mit sportlichen Gr\u00fc\u00dfen Benjamin Heymel Technischer Leiter<\/p>\n","protected":false},"author":1,"featured_media":0,"comment_status":"closed","ping_status":"closed","sticky":false,"template":"","format":"standard","meta":{"ngg_post_thumbnail":0,"footnotes":""},"categories":[1],"tags":[],"class_list":["post-4215","post","type-post","status-publish","format-standard","hentry","category-allgemein"],"_links":{"self":[{"href":"https:\/\/www.dgs-fussball.de\/index.php?rest_route=\/wp\/v2\/posts\/4215","targetHints":{"allow":["GET"]}}],"collection":[{"href":"https:\/\/www.dgs-fussball.de\/index.php?rest_route=\/wp\/v2\/posts"}],"about":[{"href":"https:\/\/www.dgs-fussball.de\/index.php?rest_route=\/wp\/v2\/types\/post"}],"author":[{"embeddable":true,"href":"https:\/\/www.dgs-fussball.de\/index.php?rest_route=\/wp\/v2\/users\/1"}],"replies":[{"embeddable":true,"href":"https:\/\/www.dgs-fussball.de\/index.php?rest_route=%2Fwp%2Fv2%2Fcomments&post=4215"}],"version-history":[{"count":1,"href":"https:\/\/www.dgs-fussball.de\/index.php?rest_route=\/wp\/v2\/posts\/4215\/revisions"}],"predecessor-version":[{"id":4218,"href":"https:\/\/www.dgs-fussball.de\/index.php?rest_route=\/wp\/v2\/posts\/4215\/revisions\/4218"}],"wp:attachment":[{"href":"https:\/\/www.dgs-fussball.de\/index.php?rest_route=%2Fwp%2Fv2%2Fmedia&parent=4215"}],"wp:term":[{"taxonomy":"category","embeddable":true,"href":"https:\/\/www.dgs-fussball.de\/index.php?rest_route=%2Fwp%2Fv2%2Fcategories&post=4215"},{"taxonomy":"post_tag","embeddable":true,"href":"https:\/\/www.dgs-fussball.de\/index.php?rest_route=%2Fwp%2Fv2%2Ftags&post=4215"}],"curies":[{"name":"wp","href":"https:\/\/api.w.org\/{rel}","templated":true}]}}