{"id":436,"date":"2007-11-18T14:46:36","date_gmt":"2007-11-18T14:46:36","guid":{"rendered":"http:\/\/dgs-fussball.de\/wordpress\/?p=436"},"modified":"2012-02-17T14:47:47","modified_gmt":"2012-02-17T14:47:47","slug":"1-futsal-weltmeisterschaften-der-gehorlosen-vom-07-18-november-2007-in-sofiabul","status":"publish","type":"post","link":"https:\/\/www.dgs-fussball.de\/?p=436","title":{"rendered":"1. Futsal-Weltmeisterschaften der Geh\u00f6rlosen vom 07. &#8211; 18. November 2007 in Sofia\/BUL"},"content":{"rendered":"<p style=\"text-align: center;\">Erster Mannschafts-Weltmeistertitel f\u00fcr Deutschland!<\/p>\n<p style=\"text-align: center;\">Das Frauen National Team holte souverain den Titel und Pokal der 1. Futsal-Weltmeisterschaften der Geh\u00f6rlosen nach Deutschland.<\/p>\n<p style=\"text-align: center;\">Die Spartenleitung des DGS Fu\u00dfball ist sehr stolz auf das Frauen National Team und gratuliert zum Gewinn der Futsal Weltmeisterschaft 2007!<br \/>\n<img decoding=\"async\" src=\"http:\/\/i8.tinypic.com\/89q2ejb.jpg\" alt=\"Siegerehrung\" border=\"0\" \/><br \/>\nAusf\u00fchrlicher Bericht zur 1. Futsal-Weltmeisterschaften der Geh\u00f6rlosen \u00a0 vom 07. &#8211; 18. November 2007 in Sofia\/BUL geschrieben von Rudolf-Walter Marzoll als Statistiker im Deutschen Geh\u00f6rlosen Sportverband &#8211; Sparte Fu\u00dfball!<br \/>\n<a href=\"https:\/\/www.dgs-fussball.de\/pdf\/ffutsalwm07.pdf\" target=\"_blank\">Kompletten Bericht zur 1. Futsal-Weltmeisterschaften der Geh\u00f6rlosen<\/a><\/p>\n<p style=\"text-align: center;\">\u00a0<strong>Futsal &#8211; Weltmeisterin Anja Schorer zu Gast beim FC Bayern M\u00fcnchen<\/strong><br \/>\nDie 20 j\u00e4hrige geh\u00f6rlose Anja Schorer spielt seit Ihren 6. Lebensjahr Fu\u00dfball beim DJK Breitenthal (Bayern), beim GSV Augsburg und in der Geh\u00f6rlosen-Frauenfu\u00dfballnationalmanschaft.<br \/>\nAufgrund der Tatsache Anja Schorer mit der Geh\u00f6rlosen-Frauenfu\u00dfballnationalmanschaft die Futsal-Welmeisterschaft der Geh\u00f6rlosen gewonnen hat und die Bundesliga Frauen vom FC Bayern M\u00fcnchen gerade mal wieder im Futsal Turnier des Bonner Hallencup Vorrunde aus Niederlagen einstecken mussten, gab den Anlass dazu eine Futsal Kennerin zum Training des FC Bayern M\u00fcnchen einzuladen!<br \/>\n<a href=\"https:\/\/www.dgs-fussball.de\/pdf\/presse081.pdf\" target=\"_blank\">Presse Bericht von Bayern M\u00fcnchen<\/a><br \/>\n<a href=\"http:\/\/www.fcbayern-frauenfussball.de\/news\/index.php?tid=1&amp;cid=1&amp;id=5536\" target=\"_blank\">Bayern M\u00fcnchen Webseite<\/a><br \/>\n<a href=\"http:\/\/www.dg-sv.de\/news\/2008\/20080116_futsal_fcbayern\/video.html\" target=\"_blank\">Video vom Hallentraining<\/a><br \/>\n<img decoding=\"async\" src=\"http:\/\/i8.tinypic.com\/6jq9b0k.jpg\" alt=\"Foto Anja Schorer (li) und Katharina Baunach U19 Europameisterin vom FC Bayern (re) \" border=\"0\" \/><\/p>\n","protected":false},"excerpt":{"rendered":"<p>Erster Mannschafts-Weltmeistertitel f\u00fcr Deutschland! Das Frauen National Team holte souverain den Titel und Pokal der 1. Futsal-Weltmeisterschaften der Geh\u00f6rlosen nach Deutschland. Die Spartenleitung des DGS Fu\u00dfball ist sehr stolz auf das Frauen National Team und gratuliert zum Gewinn der Futsal Weltmeisterschaft 2007! Ausf\u00fchrlicher Bericht zur 1. Futsal-Weltmeisterschaften der Geh\u00f6rlosen \u00a0 vom 07. &#8211; 18. November 2007 in Sofia\/BUL geschrieben von<\/p>\n","protected":false},"author":1,"featured_media":0,"comment_status":"closed","ping_status":"closed","sticky":false,"template":"","format":"standard","meta":{"ngg_post_thumbnail":0,"footnotes":""},"categories":[23],"tags":[],"class_list":["post-436","post","type-post","status-publish","format-standard","hentry","category-nationalmannschaft-futsal-frauen"],"_links":{"self":[{"href":"https:\/\/www.dgs-fussball.de\/index.php?rest_route=\/wp\/v2\/posts\/436","targetHints":{"allow":["GET"]}}],"collection":[{"href":"https:\/\/www.dgs-fussball.de\/index.php?rest_route=\/wp\/v2\/posts"}],"about":[{"href":"https:\/\/www.dgs-fussball.de\/index.php?rest_route=\/wp\/v2\/types\/post"}],"author":[{"embeddable":true,"href":"https:\/\/www.dgs-fussball.de\/index.php?rest_route=\/wp\/v2\/users\/1"}],"replies":[{"embeddable":true,"href":"https:\/\/www.dgs-fussball.de\/index.php?rest_route=%2Fwp%2Fv2%2Fcomments&post=436"}],"version-history":[{"count":1,"href":"https:\/\/www.dgs-fussball.de\/index.php?rest_route=\/wp\/v2\/posts\/436\/revisions"}],"predecessor-version":[{"id":437,"href":"https:\/\/www.dgs-fussball.de\/index.php?rest_route=\/wp\/v2\/posts\/436\/revisions\/437"}],"wp:attachment":[{"href":"https:\/\/www.dgs-fussball.de\/index.php?rest_route=%2Fwp%2Fv2%2Fmedia&parent=436"}],"wp:term":[{"taxonomy":"category","embeddable":true,"href":"https:\/\/www.dgs-fussball.de\/index.php?rest_route=%2Fwp%2Fv2%2Fcategories&post=436"},{"taxonomy":"post_tag","embeddable":true,"href":"https:\/\/www.dgs-fussball.de\/index.php?rest_route=%2Fwp%2Fv2%2Ftags&post=436"}],"curies":[{"name":"wp","href":"https:\/\/api.w.org\/{rel}","templated":true}]}}