{"id":4422,"date":"2018-07-24T19:32:58","date_gmt":"2018-07-24T17:32:58","guid":{"rendered":"http:\/\/www.dgs-fussball.de\/?p=4422"},"modified":"2018-07-24T19:32:58","modified_gmt":"2018-07-24T17:32:58","slug":"info-von-der-dgs-sparte-fussball-dgs-beauftragter-der-sparte-fussball-fuer-suedwestdeutschland","status":"publish","type":"post","link":"https:\/\/www.dgs-fussball.de\/?p=4422","title":{"rendered":"INFO von der DGS Sparte Fu\u00dfball \/ DGS-Beauftragter der Sparte Fu\u00dfball f\u00fcr S\u00fcdwestdeutschland"},"content":{"rendered":"<div style=\"text-align: center;\">Liebe Sportkameraden,<\/div>\n<div style=\"text-align: center;\">&nbsp;<\/div>\n<div style=\"text-align: center;\">zum 14. April 2018 hat Christian Wagner sein Amt als DGS-<span class=\"oneComWebmail-gmail-il\">Beauftragter<\/span>&nbsp;der Sparte Fu\u00dfball f\u00fcr S\u00fcdwestdeutschland niedergelegt.<\/div>\n<div style=\"text-align: center;\">&nbsp;<\/div>\n<div style=\"text-align: center;\">Wir danken Christian Wagner f\u00fcr seine Mitarbeit und w\u00fcnschen ihm alles Gute f\u00fcr die Zukunft.&nbsp;<\/div>\n<div style=\"text-align: center;\">&nbsp;<\/div>\n<div style=\"text-align: center;\">Ab dem <b><u>1. August 2018<\/u><\/b> tritt dann&nbsp;<\/div>\n<div style=\"text-align: center;\">&nbsp;<\/div>\n<div style=\"text-align: center;\"><b>Philipp SEIDEL<\/b><\/div>\n<div style=\"text-align: center;\"><b>Lameystr. 24<\/b><\/div>\n<div style=\"text-align: center;\"><b>68165 Mannheim<\/b><\/div>\n<div style=\"text-align: center;\"><b>E-Mail<span class=\"oneComWebmail-Apple-converted-space\">&nbsp;<\/span><a href=\"mailto:sw.beauftragter@gmail.com\" target=\"_blank\" rel=\"noopener\">sw.beauftragter@gmail.com<\/a>&nbsp;<\/b><\/div>\n<div style=\"text-align: center;\">&nbsp;<\/div>\n<div style=\"text-align: center;\">die Nachfolge als neuer DGS-<span class=\"oneComWebmail-gmail-il\">Beauftragter<\/span>&nbsp;der Sparte Fu\u00dfball f\u00fcr S\u00fcdwestdeutschland an.<\/div>\n<div style=\"text-align: center;\">&nbsp;<\/div>\n<div style=\"text-align: center;\">Mit sportlichen Gr\u00fc\u00dfen<\/div>\n<div style=\"text-align: center;\">&nbsp;<\/div>\n<div style=\"text-align: center;\">Rainer B\u00fcrger<\/div>\n<div style=\"text-align: center;\">&nbsp;<\/div>\n<div style=\"text-align: center;\">komm. Verbandsfu\u00dfballwart<\/div>\n<div style=\"text-align: center;\">DGS &#8211; Sparte Fu\u00dfball<\/div>\n","protected":false},"excerpt":{"rendered":"<p>Liebe Sportkameraden, &nbsp; zum 14. April 2018 hat Christian Wagner sein Amt als DGS-Beauftragter&nbsp;der Sparte Fu\u00dfball f\u00fcr S\u00fcdwestdeutschland niedergelegt. &nbsp; Wir danken Christian Wagner f\u00fcr seine Mitarbeit und w\u00fcnschen ihm alles Gute f\u00fcr die Zukunft.&nbsp; &nbsp; Ab dem 1. August 2018 tritt dann&nbsp; &nbsp; Philipp SEIDEL Lameystr. 24 68165 Mannheim E-Mail&nbsp;sw.beauftragter@gmail.com&nbsp; &nbsp; die Nachfolge als neuer DGS-Beauftragter&nbsp;der Sparte Fu\u00dfball f\u00fcr<\/p>\n","protected":false},"author":1,"featured_media":0,"comment_status":"closed","ping_status":"closed","sticky":false,"template":"","format":"standard","meta":{"ngg_post_thumbnail":0,"footnotes":""},"categories":[1],"tags":[],"class_list":["post-4422","post","type-post","status-publish","format-standard","hentry","category-allgemein"],"_links":{"self":[{"href":"https:\/\/www.dgs-fussball.de\/index.php?rest_route=\/wp\/v2\/posts\/4422","targetHints":{"allow":["GET"]}}],"collection":[{"href":"https:\/\/www.dgs-fussball.de\/index.php?rest_route=\/wp\/v2\/posts"}],"about":[{"href":"https:\/\/www.dgs-fussball.de\/index.php?rest_route=\/wp\/v2\/types\/post"}],"author":[{"embeddable":true,"href":"https:\/\/www.dgs-fussball.de\/index.php?rest_route=\/wp\/v2\/users\/1"}],"replies":[{"embeddable":true,"href":"https:\/\/www.dgs-fussball.de\/index.php?rest_route=%2Fwp%2Fv2%2Fcomments&post=4422"}],"version-history":[{"count":1,"href":"https:\/\/www.dgs-fussball.de\/index.php?rest_route=\/wp\/v2\/posts\/4422\/revisions"}],"predecessor-version":[{"id":4423,"href":"https:\/\/www.dgs-fussball.de\/index.php?rest_route=\/wp\/v2\/posts\/4422\/revisions\/4423"}],"wp:attachment":[{"href":"https:\/\/www.dgs-fussball.de\/index.php?rest_route=%2Fwp%2Fv2%2Fmedia&parent=4422"}],"wp:term":[{"taxonomy":"category","embeddable":true,"href":"https:\/\/www.dgs-fussball.de\/index.php?rest_route=%2Fwp%2Fv2%2Fcategories&post=4422"},{"taxonomy":"post_tag","embeddable":true,"href":"https:\/\/www.dgs-fussball.de\/index.php?rest_route=%2Fwp%2Fv2%2Ftags&post=4422"}],"curies":[{"name":"wp","href":"https:\/\/api.w.org\/{rel}","templated":true}]}}