{"id":4428,"date":"2018-07-25T17:55:22","date_gmt":"2018-07-25T15:55:22","guid":{"rendered":"http:\/\/www.dgs-fussball.de\/?p=4428"},"modified":"2018-07-25T17:55:22","modified_gmt":"2018-07-25T15:55:22","slug":"mitgliedsaufnahme-des-gsv-osnabrueck-in-die-dgs-sparte-fussball","status":"publish","type":"post","link":"https:\/\/www.dgs-fussball.de\/?p=4428","title":{"rendered":"Mitgliedsaufnahme des GSV Osnabr\u00fcck in die DGS-Sparte Fu\u00dfball"},"content":{"rendered":"<div style=\"text-align: center;\">Hallo liebe Fu\u00dfballfreunde,<\/div>\n<div style=\"text-align: center;\">&nbsp;<\/div>\n<div style=\"text-align: center;\">Wir freuen uns sehr, die Mitgliedsaufnahme des GSV Osnabr\u00fcck in die DGS- Sparte Fu\u00dfball mitteilen k\u00f6nnen.<\/div>\n<div style=\"text-align: center;\">&nbsp;<\/div>\n<div style=\"text-align: center;\">Ansprechpartner ist:<\/div>\n<div style=\"text-align: center;\">&nbsp;<\/div>\n<div style=\"text-align: center;\"><b>GSV Osnabr\u00fcck<\/b><\/div>\n<div style=\"text-align: center;\"><b>Nikolas Lovett<\/b><\/div>\n<div style=\"text-align: center;\"><b>Kurt-Schumacher-Strasse 26<\/b><\/div>\n<div style=\"text-align: center;\"><b>49134 Wallenhorst<\/b><\/div>\n<div style=\"text-align: center;\"><b>E-Mail: gsvos.fussball(at)gmail.com<\/b><\/div>\n<div style=\"text-align: center;\">&nbsp;<\/div>\n<div style=\"text-align: center;\">Mit sportlichen Gr\u00fc\u00dfen<\/div>\n<div style=\"text-align: center;\">&nbsp;<\/div>\n<div style=\"text-align: center;\">Rainer B\u00fcrger<\/div>\n<div style=\"text-align: center;\">&nbsp;<\/div>\n<div style=\"text-align: center;\">komm. Verbandsfu\u00dfballwart<\/div>\n<div style=\"text-align: center;\">DGS &#8211; Sparte Fu\u00dfball<\/div>\n","protected":false},"excerpt":{"rendered":"<p>Hallo liebe Fu\u00dfballfreunde, &nbsp; Wir freuen uns sehr, die Mitgliedsaufnahme des GSV Osnabr\u00fcck in die DGS- Sparte Fu\u00dfball mitteilen k\u00f6nnen. &nbsp; Ansprechpartner ist: &nbsp; GSV Osnabr\u00fcck Nikolas Lovett Kurt-Schumacher-Strasse 26 49134 Wallenhorst E-Mail: gsvos.fussball(at)gmail.com &nbsp; Mit sportlichen Gr\u00fc\u00dfen &nbsp; Rainer B\u00fcrger &nbsp; komm. Verbandsfu\u00dfballwart DGS &#8211; Sparte Fu\u00dfball<\/p>\n","protected":false},"author":1,"featured_media":0,"comment_status":"closed","ping_status":"closed","sticky":false,"template":"","format":"standard","meta":{"ngg_post_thumbnail":0,"footnotes":""},"categories":[1],"tags":[],"class_list":["post-4428","post","type-post","status-publish","format-standard","hentry","category-allgemein"],"_links":{"self":[{"href":"https:\/\/www.dgs-fussball.de\/index.php?rest_route=\/wp\/v2\/posts\/4428","targetHints":{"allow":["GET"]}}],"collection":[{"href":"https:\/\/www.dgs-fussball.de\/index.php?rest_route=\/wp\/v2\/posts"}],"about":[{"href":"https:\/\/www.dgs-fussball.de\/index.php?rest_route=\/wp\/v2\/types\/post"}],"author":[{"embeddable":true,"href":"https:\/\/www.dgs-fussball.de\/index.php?rest_route=\/wp\/v2\/users\/1"}],"replies":[{"embeddable":true,"href":"https:\/\/www.dgs-fussball.de\/index.php?rest_route=%2Fwp%2Fv2%2Fcomments&post=4428"}],"version-history":[{"count":1,"href":"https:\/\/www.dgs-fussball.de\/index.php?rest_route=\/wp\/v2\/posts\/4428\/revisions"}],"predecessor-version":[{"id":4429,"href":"https:\/\/www.dgs-fussball.de\/index.php?rest_route=\/wp\/v2\/posts\/4428\/revisions\/4429"}],"wp:attachment":[{"href":"https:\/\/www.dgs-fussball.de\/index.php?rest_route=%2Fwp%2Fv2%2Fmedia&parent=4428"}],"wp:term":[{"taxonomy":"category","embeddable":true,"href":"https:\/\/www.dgs-fussball.de\/index.php?rest_route=%2Fwp%2Fv2%2Fcategories&post=4428"},{"taxonomy":"post_tag","embeddable":true,"href":"https:\/\/www.dgs-fussball.de\/index.php?rest_route=%2Fwp%2Fv2%2Ftags&post=4428"}],"curies":[{"name":"wp","href":"https:\/\/api.w.org\/{rel}","templated":true}]}}