{"id":473,"date":"2012-03-16T08:50:03","date_gmt":"2012-03-16T08:50:03","guid":{"rendered":"http:\/\/www.dgs-fussball.de\/?p=473"},"modified":"2012-03-16T08:55:21","modified_gmt":"2012-03-16T08:55:21","slug":"bericht-uber-bw-1-u21-fusball-lehrgang-am-10-marz-2012","status":"publish","type":"post","link":"https:\/\/www.dgs-fussball.de\/?p=473","title":{"rendered":"Bericht \u00fcber BW &#8211; 1. U21-Fu\u00dfball-Lehrgang am 10. M\u00e4rz 2012"},"content":{"rendered":"<p style=\"text-align: center;\">Hallo liebe Sportkameraden,<\/p>\n<p>anbei das Bericht \u00fcber 1. U21-Fu\u00dfball-Lehrgang am 10. M\u00e4rz 2012 in Mannheim und die Nominierung f\u00fcr die 2. U21-Fu\u00dfball-Lehrgang vom 23. &#8211; 25. M\u00e4rz 2012 in der Sportschule Ruit.<\/p>\n<p>Die Bilder vom 1. U21-Fu\u00dfball-Lehrgang sind auch zu sehen.<\/p>\n<p>Mit sportlichen Gr\u00fc\u00dfen<\/p>\n<p>David Heymel<br \/>\nGSV Baden-W\u00fcrttemberg<br \/>\nLandesfachwart Sparte Fu\u00dfball<\/p>\n<p style=\"text-align: center;\"><strong>Anlage:<\/strong><br \/>\n<a href=\"https:\/\/www.dgs-fussball.de\/wordpress\/wp-content\/uploads\/2012\/03\/Bericht-1.-Lehrgang-2012.pdf\">Bericht 1. Lehrgang<\/a><br \/>\n<a href=\"https:\/\/www.dgs-fussball.de\/wordpress\/wp-content\/uploads\/2012\/03\/Nominierung-2.-Lehrgang-2012.pdf\">Nominierung 2. Lehrgang<\/a><\/p>\n<p style=\"text-align: center;\"><strong>Fotos:<\/strong><\/p>\n<p style=\"text-align: center;\">ngg_shortcode_0_placeholder<\/p>\n","protected":false},"excerpt":{"rendered":"<p>Hallo liebe Sportkameraden, anbei das Bericht \u00fcber 1. U21-Fu\u00dfball-Lehrgang am 10. M\u00e4rz 2012 in Mannheim und die Nominierung f\u00fcr die 2. U21-Fu\u00dfball-Lehrgang vom 23. &#8211; 25. M\u00e4rz 2012 in der Sportschule Ruit. Die Bilder vom 1. U21-Fu\u00dfball-Lehrgang sind auch zu sehen. Mit sportlichen Gr\u00fc\u00dfen David Heymel GSV Baden-W\u00fcrttemberg Landesfachwart Sparte Fu\u00dfball Anlage: Bericht 1. Lehrgang Nominierung 2. Lehrgang Fotos:<\/p>\n","protected":false},"author":1,"featured_media":0,"comment_status":"closed","ping_status":"closed","sticky":false,"template":"","format":"standard","meta":{"ngg_post_thumbnail":0,"footnotes":""},"categories":[32],"tags":[],"class_list":["post-473","post","type-post","status-publish","format-standard","hentry","category-regional-suedwest"],"_links":{"self":[{"href":"https:\/\/www.dgs-fussball.de\/index.php?rest_route=\/wp\/v2\/posts\/473","targetHints":{"allow":["GET"]}}],"collection":[{"href":"https:\/\/www.dgs-fussball.de\/index.php?rest_route=\/wp\/v2\/posts"}],"about":[{"href":"https:\/\/www.dgs-fussball.de\/index.php?rest_route=\/wp\/v2\/types\/post"}],"author":[{"embeddable":true,"href":"https:\/\/www.dgs-fussball.de\/index.php?rest_route=\/wp\/v2\/users\/1"}],"replies":[{"embeddable":true,"href":"https:\/\/www.dgs-fussball.de\/index.php?rest_route=%2Fwp%2Fv2%2Fcomments&post=473"}],"version-history":[{"count":2,"href":"https:\/\/www.dgs-fussball.de\/index.php?rest_route=\/wp\/v2\/posts\/473\/revisions"}],"predecessor-version":[{"id":486,"href":"https:\/\/www.dgs-fussball.de\/index.php?rest_route=\/wp\/v2\/posts\/473\/revisions\/486"}],"wp:attachment":[{"href":"https:\/\/www.dgs-fussball.de\/index.php?rest_route=%2Fwp%2Fv2%2Fmedia&parent=473"}],"wp:term":[{"taxonomy":"category","embeddable":true,"href":"https:\/\/www.dgs-fussball.de\/index.php?rest_route=%2Fwp%2Fv2%2Fcategories&post=473"},{"taxonomy":"post_tag","embeddable":true,"href":"https:\/\/www.dgs-fussball.de\/index.php?rest_route=%2Fwp%2Fv2%2Ftags&post=473"}],"curies":[{"name":"wp","href":"https:\/\/api.w.org\/{rel}","templated":true}]}}