{"id":4958,"date":"2019-02-19T08:22:49","date_gmt":"2019-02-19T06:22:49","guid":{"rendered":"http:\/\/www.dgs-fussball.de\/?p=4958"},"modified":"2019-02-19T08:22:51","modified_gmt":"2019-02-19T06:22:51","slug":"berichte-ueber-den-erfolg-im-futsal-gsv-karlsruhe","status":"publish","type":"post","link":"https:\/\/www.dgs-fussball.de\/?p=4958","title":{"rendered":"Berichte \u00fcber den Erfolg im Futsal GSV Karlsruhe"},"content":{"rendered":"\n<p style=\"text-align:center\"><a href=\"http:\/\/www.fussball.de\/newsdetail.app\/gsv-karlsruhe-gehoerlos-in-die-regionalliga\/-\/article-id\/198666#!\/\">http:\/\/www.fussball.de\/newsdetail.app\/gsv-karlsruhe-gehoerlos-in-die-regionalliga\/-\/article-id\/198666#!\/<\/a><\/p>\n\n\n\n<p style=\"text-align:center\"><a href=\"https:\/\/www.fupa.net\/berichte\/gsv-karlsruhe-grosser-jubel-beim-neuen-badischen-futsalmeist-2293569.html\">https:\/\/www.fupa.net\/berichte\/gsv-karlsruhe-grosser-jubel-beim-neuen-badischen-futsalmeist-2293569.html<\/a><\/p>\n\n\n\n<p style=\"text-align:center\"><a href=\"https:\/\/www.badfv.de\/verband\/aktuelles\/detailansicht\/?tx_news_pi1%5Bnews%5D=7792&amp;cHash=c58422d3f296e7e9ce51a57d920c01f7\">https:\/\/www.badfv.de\/verband\/aktuelles\/detailansicht\/?tx_news_pi1%5Bnews%5D=7792&amp;cHash=c58422d3f296e7e9ce51a57d920c01f7<\/a><\/p>\n\n\n\n<p style=\"text-align:center\">\n\nWir sind stolz, dass die Geh\u00f6rlosen-Futsalmannschaft GSV Karlsruhe geschafft hat, den anerkannten Titel gewonnen zu haben.<\/p>\n\n\n\n<p style=\"text-align:center\">Viele Gr\u00fc\u00dfe<\/p>\n\n\n\n<p style=\"text-align:center\">Jens Becker<br>Beauftragter DGS Fu\u00dfball<br><\/p>\n","protected":false},"excerpt":{"rendered":"<p>http:\/\/www.fussball.de\/newsdetail.app\/gsv-karlsruhe-gehoerlos-in-die-regionalliga\/-\/article-id\/198666#!\/ https:\/\/www.fupa.net\/berichte\/gsv-karlsruhe-grosser-jubel-beim-neuen-badischen-futsalmeist-2293569.html https:\/\/www.badfv.de\/verband\/aktuelles\/detailansicht\/?tx_news_pi1%5Bnews%5D=7792&amp;cHash=c58422d3f296e7e9ce51a57d920c01f7 Wir sind stolz, dass die Geh\u00f6rlosen-Futsalmannschaft GSV Karlsruhe geschafft hat, den anerkannten Titel gewonnen zu haben. Viele Gr\u00fc\u00dfe Jens BeckerBeauftragter DGS Fu\u00dfball<\/p>\n","protected":false},"author":1,"featured_media":0,"comment_status":"closed","ping_status":"closed","sticky":false,"template":"","format":"standard","meta":{"ngg_post_thumbnail":0,"footnotes":""},"categories":[1],"tags":[],"class_list":["post-4958","post","type-post","status-publish","format-standard","hentry","category-allgemein"],"_links":{"self":[{"href":"https:\/\/www.dgs-fussball.de\/index.php?rest_route=\/wp\/v2\/posts\/4958","targetHints":{"allow":["GET"]}}],"collection":[{"href":"https:\/\/www.dgs-fussball.de\/index.php?rest_route=\/wp\/v2\/posts"}],"about":[{"href":"https:\/\/www.dgs-fussball.de\/index.php?rest_route=\/wp\/v2\/types\/post"}],"author":[{"embeddable":true,"href":"https:\/\/www.dgs-fussball.de\/index.php?rest_route=\/wp\/v2\/users\/1"}],"replies":[{"embeddable":true,"href":"https:\/\/www.dgs-fussball.de\/index.php?rest_route=%2Fwp%2Fv2%2Fcomments&post=4958"}],"version-history":[{"count":1,"href":"https:\/\/www.dgs-fussball.de\/index.php?rest_route=\/wp\/v2\/posts\/4958\/revisions"}],"predecessor-version":[{"id":4959,"href":"https:\/\/www.dgs-fussball.de\/index.php?rest_route=\/wp\/v2\/posts\/4958\/revisions\/4959"}],"wp:attachment":[{"href":"https:\/\/www.dgs-fussball.de\/index.php?rest_route=%2Fwp%2Fv2%2Fmedia&parent=4958"}],"wp:term":[{"taxonomy":"category","embeddable":true,"href":"https:\/\/www.dgs-fussball.de\/index.php?rest_route=%2Fwp%2Fv2%2Fcategories&post=4958"},{"taxonomy":"post_tag","embeddable":true,"href":"https:\/\/www.dgs-fussball.de\/index.php?rest_route=%2Fwp%2Fv2%2Ftags&post=4958"}],"curies":[{"name":"wp","href":"https:\/\/api.w.org\/{rel}","templated":true}]}}