{"id":4961,"date":"2019-03-11T20:37:20","date_gmt":"2019-03-11T18:37:20","guid":{"rendered":"http:\/\/www.dgs-fussball.de\/?p=4961"},"modified":"2019-06-25T10:42:46","modified_gmt":"2019-06-25T08:42:46","slug":"3-nrw-gehoerlosen-futsal-meisterschaft-der-maennliche-jugend-u15-u19-frauen-und-ue40-senioren-am-23-maerz-2019-in-recklinghausen","status":"publish","type":"post","link":"https:\/\/www.dgs-fussball.de\/?p=4961","title":{"rendered":"3. NRW-Geh\u00f6rlosen &#8211; Futsal &#8211; Meisterschaft der m\u00e4nnliche Jugend U15 + U19, Frauen und \u00dc40 Senioren am 23. M\u00e4rz 2019 in Recklinghausen"},"content":{"rendered":"\n<p><\/p>\n\n\n\n<figure class=\"wp-block-image\"><img loading=\"lazy\" decoding=\"async\" width=\"960\" height=\"720\" src=\"https:\/\/www.dgs-fussball.de\/wordpress\/wp-content\/uploads\/2019\/03\/NRW-Fustal-Meisterschaft-am-23.-M\u00e4rz-2019-in-Recklinghausen-Plakate-1.jpg\" alt=\"\" class=\"wp-image-4963\" srcset=\"https:\/\/www.dgs-fussball.de\/wordpress\/wp-content\/uploads\/2019\/03\/NRW-Fustal-Meisterschaft-am-23.-M\u00e4rz-2019-in-Recklinghausen-Plakate-1.jpg 960w, https:\/\/www.dgs-fussball.de\/wordpress\/wp-content\/uploads\/2019\/03\/NRW-Fustal-Meisterschaft-am-23.-M\u00e4rz-2019-in-Recklinghausen-Plakate-1-300x225.jpg 300w, https:\/\/www.dgs-fussball.de\/wordpress\/wp-content\/uploads\/2019\/03\/NRW-Fustal-Meisterschaft-am-23.-M\u00e4rz-2019-in-Recklinghausen-Plakate-1-768x576.jpg 768w\" sizes=\"auto, (max-width: 960px) 100vw, 960px\" \/><\/figure>\n","protected":false},"excerpt":{"rendered":"","protected":false},"author":1,"featured_media":0,"comment_status":"closed","ping_status":"closed","sticky":false,"template":"","format":"standard","meta":{"ngg_post_thumbnail":0,"footnotes":""},"categories":[35],"tags":[],"class_list":["post-4961","post","type-post","status-publish","format-standard","hentry","category-regional-west"],"_links":{"self":[{"href":"https:\/\/www.dgs-fussball.de\/index.php?rest_route=\/wp\/v2\/posts\/4961","targetHints":{"allow":["GET"]}}],"collection":[{"href":"https:\/\/www.dgs-fussball.de\/index.php?rest_route=\/wp\/v2\/posts"}],"about":[{"href":"https:\/\/www.dgs-fussball.de\/index.php?rest_route=\/wp\/v2\/types\/post"}],"author":[{"embeddable":true,"href":"https:\/\/www.dgs-fussball.de\/index.php?rest_route=\/wp\/v2\/users\/1"}],"replies":[{"embeddable":true,"href":"https:\/\/www.dgs-fussball.de\/index.php?rest_route=%2Fwp%2Fv2%2Fcomments&post=4961"}],"version-history":[{"count":3,"href":"https:\/\/www.dgs-fussball.de\/index.php?rest_route=\/wp\/v2\/posts\/4961\/revisions"}],"predecessor-version":[{"id":4966,"href":"https:\/\/www.dgs-fussball.de\/index.php?rest_route=\/wp\/v2\/posts\/4961\/revisions\/4966"}],"wp:attachment":[{"href":"https:\/\/www.dgs-fussball.de\/index.php?rest_route=%2Fwp%2Fv2%2Fmedia&parent=4961"}],"wp:term":[{"taxonomy":"category","embeddable":true,"href":"https:\/\/www.dgs-fussball.de\/index.php?rest_route=%2Fwp%2Fv2%2Fcategories&post=4961"},{"taxonomy":"post_tag","embeddable":true,"href":"https:\/\/www.dgs-fussball.de\/index.php?rest_route=%2Fwp%2Fv2%2Ftags&post=4961"}],"curies":[{"name":"wp","href":"https:\/\/api.w.org\/{rel}","templated":true}]}}