{"id":4967,"date":"2019-03-18T15:40:56","date_gmt":"2019-03-18T13:40:56","guid":{"rendered":"http:\/\/www.dgs-fussball.de\/?p=4967"},"modified":"2019-03-18T15:40:58","modified_gmt":"2019-03-18T13:40:58","slug":"samstag-den-16-maerz-2019-fand-in-frankfurt-am-main-die-ausserordentliche-spartentagung-statt-die-spartenleitung-wurde-neu-gewaehlt","status":"publish","type":"post","link":"https:\/\/www.dgs-fussball.de\/?p=4967","title":{"rendered":"Samstag, den 16. M\u00e4rz 2019 fand in Frankfurt am Main die au\u00dferordentliche Spartentagung statt.  Die Spartenleitung wurde neu gew\u00e4hlt."},"content":{"rendered":"\n<h2 class=\"wp-block-heading\"><strong>Die Spartenleitung wurde neu gew\u00e4hlt.<\/strong><\/h2>\n\n\n\n<figure class=\"wp-block-image\"><img loading=\"lazy\" decoding=\"async\" width=\"960\" height=\"720\" src=\"https:\/\/www.dgs-fussball.de\/wordpress\/wp-content\/uploads\/2019\/03\/54423205_1547245725411131_1839292269606207488_n.jpg\" alt=\"\" class=\"wp-image-4968\" srcset=\"https:\/\/www.dgs-fussball.de\/wordpress\/wp-content\/uploads\/2019\/03\/54423205_1547245725411131_1839292269606207488_n.jpg 960w, https:\/\/www.dgs-fussball.de\/wordpress\/wp-content\/uploads\/2019\/03\/54423205_1547245725411131_1839292269606207488_n-300x225.jpg 300w, https:\/\/www.dgs-fussball.de\/wordpress\/wp-content\/uploads\/2019\/03\/54423205_1547245725411131_1839292269606207488_n-768x576.jpg 768w\" sizes=\"auto, (max-width: 960px) 100vw, 960px\" \/><\/figure>\n\n\n\n<p>Verbandsfu\u00dfballwart Rainer B\u00fcrger<br>Verwaltung Jens Becker<br>TL Herren Benjamin Heymel<br>TL Jugend Daniel Haffke<br>Kassierer Frank Hay<br>Statistik Clemens Mosquera&nbsp;<br>\u00d6ffentlichkeit vakant<br>Sportgericht Vorsitzender Andr\u00e9 Br\u00e4ndel<br>Sportgericht Ricardo Scheuerer  NRW \/ Bayern                                                                             Sportgericht Lothar Kolf  Nordost \/ S\u00fcdwest<\/p>\n\n\n\n<p>TL Senioren Dawid Adrian,   <br>Passstelle Linda Adrian und  <br>TL Futsal Benjamin Heymel                                                                               wurde schon im Oktober 2018 ordnungsgem\u00e4\u00df gew\u00e4hlt.<\/p>\n\n\n\n<p>TL Frauen muss die Sparte Fu\u00dfball noch kommissarisch suchen, da Benjamin Heymel jetzt TL Herren ist.<\/p>\n\n\n\n<p><\/p>\n","protected":false},"excerpt":{"rendered":"<p>Die Spartenleitung wurde neu gew\u00e4hlt. Verbandsfu\u00dfballwart Rainer B\u00fcrgerVerwaltung Jens BeckerTL Herren Benjamin HeymelTL Jugend Daniel HaffkeKassierer Frank HayStatistik Clemens Mosquera&nbsp;\u00d6ffentlichkeit vakantSportgericht Vorsitzender Andr\u00e9 Br\u00e4ndelSportgericht Ricardo Scheuerer NRW \/ Bayern Sportgericht Lothar Kolf Nordost \/ S\u00fcdwest TL Senioren Dawid Adrian, Passstelle Linda Adrian und TL Futsal Benjamin Heymel wurde schon im Oktober 2018 ordnungsgem\u00e4\u00df gew\u00e4hlt. TL Frauen muss die Sparte Fu\u00dfball<\/p>\n","protected":false},"author":1,"featured_media":0,"comment_status":"closed","ping_status":"closed","sticky":false,"template":"","format":"standard","meta":{"ngg_post_thumbnail":0,"footnotes":""},"categories":[1],"tags":[],"class_list":["post-4967","post","type-post","status-publish","format-standard","hentry","category-allgemein"],"_links":{"self":[{"href":"https:\/\/www.dgs-fussball.de\/index.php?rest_route=\/wp\/v2\/posts\/4967","targetHints":{"allow":["GET"]}}],"collection":[{"href":"https:\/\/www.dgs-fussball.de\/index.php?rest_route=\/wp\/v2\/posts"}],"about":[{"href":"https:\/\/www.dgs-fussball.de\/index.php?rest_route=\/wp\/v2\/types\/post"}],"author":[{"embeddable":true,"href":"https:\/\/www.dgs-fussball.de\/index.php?rest_route=\/wp\/v2\/users\/1"}],"replies":[{"embeddable":true,"href":"https:\/\/www.dgs-fussball.de\/index.php?rest_route=%2Fwp%2Fv2%2Fcomments&post=4967"}],"version-history":[{"count":2,"href":"https:\/\/www.dgs-fussball.de\/index.php?rest_route=\/wp\/v2\/posts\/4967\/revisions"}],"predecessor-version":[{"id":4970,"href":"https:\/\/www.dgs-fussball.de\/index.php?rest_route=\/wp\/v2\/posts\/4967\/revisions\/4970"}],"wp:attachment":[{"href":"https:\/\/www.dgs-fussball.de\/index.php?rest_route=%2Fwp%2Fv2%2Fmedia&parent=4967"}],"wp:term":[{"taxonomy":"category","embeddable":true,"href":"https:\/\/www.dgs-fussball.de\/index.php?rest_route=%2Fwp%2Fv2%2Fcategories&post=4967"},{"taxonomy":"post_tag","embeddable":true,"href":"https:\/\/www.dgs-fussball.de\/index.php?rest_route=%2Fwp%2Fv2%2Ftags&post=4967"}],"curies":[{"name":"wp","href":"https:\/\/api.w.org\/{rel}","templated":true}]}}