{"id":5033,"date":"2019-04-19T20:33:59","date_gmt":"2019-04-19T18:33:59","guid":{"rendered":"http:\/\/www.dgs-fussball.de\/?p=5033"},"modified":"2019-06-25T10:42:09","modified_gmt":"2019-06-25T08:42:09","slug":"interview-mit-christian-boelker","status":"publish","type":"post","link":"https:\/\/www.dgs-fussball.de\/?p=5033","title":{"rendered":"Interview mit Christian B\u00f6lker"},"content":{"rendered":"\n<p>Christian B\u00f6lker , unsere Nummer \u201eEins\u201c im Deutschen Tor , nicht nur im Deutschen Tor, ebenso in der Regionalliga West bei Kaan Marienborn die Nummer \u201eEins\u201c ! Das nenne ich Hochachtung f\u00fcr unseren Torwart B\u00f6lker !<\/p>\n\n\n\n<p>Danke das du f\u00fcr uns f\u00fcr die Fragen Zeit nimmst.&nbsp;<\/p>\n\n\n\n<p>1.Frage&nbsp;<br>-Oftmals hat man in vielen Berichten \/ Sportzeitungen wie auch im Internet weit und breit \u00fcber dich mit hohen Respekt als guten Torwart berichtet und du hast gezeigt das man als Geh\u00f6rloser trotz ohne Probleme super Leistung abliefern kannst.&nbsp;<br>Wie f\u00fchlst du dich heute , wie gehst du damit um , mittlerweile hast du sicherlich \u00fcberall hohe Anerkennung und Respekt gewonnen , oder ?&nbsp;<\/p>\n\n\n\n<p>B\u00f6lker:&nbsp;<br>Ich f\u00fchle mich ganz normal wie vorher auch.&nbsp;<br>Viele haben nat\u00fcrlich gro\u00dfen Respekt vor mir, weil ich selbst Geh\u00f6rlos bin. Ich wollte allen zeigen, dass Geh\u00f6rlose auch Fu\u00dfball spielen k\u00f6nnen besonders in meinem Bereich als Torwart ! Sonst weiterhin bleibe ich auf dem Teppich und empfinde es weiterhin als v\u00f6llig normal ! Ich bin halt froh das ich dies erleben darf wie ebenso diesem Niveau mithalten kann. Hab unheimlichen Spa\u00df daran.&nbsp;<\/p>\n\n\n\n<p>2.Frage\u00a0<br>-Eine Regionalliga Saison ist f\u00fcr dich als Spieler nat\u00fcrlich von Zeit her sehr aufw\u00e4ndig und auf dem Plan ist fast t\u00e4glich Training , ist das f\u00fcr dich wo du sagst , \u201e mir bleibt nicht viel Zeit im privat Leben, oder hast du sich daran gew\u00f6hnt und einen genauen Zeitplan wo du genau alles einteilst damit du deine freie Zeit auch genie\u00dfen kannst wie Familie , ausgehen ,Freunde etc. ?\u00a0<\/p>\n\n\n\n<p>B\u00f6lker:<br>Ja, es bleibt mir nicht viel Zeit \u00fcbrig im privaten Leben, aber ich habe mich mit der Zeit daran gew\u00f6hnt. Dazu habe ich auch einen genauen Zeitplan erstellt, damit ich mir die Freizeiten nehmen kann, wenn ich zb. kein Training oder kein Spiel habe. Man darf nicht vergessen das man viel Ruhe und Konzentration wie auch aufs Training und Spiele vorbereitet sein muss, von daher mehr diese Ruhe um immer Kr\u00e4fte zu sammeln.<\/p>\n\n\n\n<p>3.Frage<br>-Nun zum Thema der Geh\u00f6rlosen Nationalmannschaft , wo du nat\u00fcrlich f\u00fcr die Mannschaft sehr wichtig bist , trotz deinen hohen Zeitaufwand als \u201eHalb Profi\u201c hast du sozusagen nach dem Saisonende trotz keine gro\u00dfe Pause ! Ende Mai gehts schon ins Flieger Richtung zur Europameisterschaft nach Griechenland \/ Kreta. Welche Erwartung hast du dort ? Wie weit werdet ihr als Team kommen ? F\u00fcr wem h\u00e4lst du dort als starken Favorit im Turnier ?&nbsp;<\/p>\n\n\n\n<p>B\u00f6lker:<br>Ich erwarte dort das wir mit Disziplin auftreten werden, besonders das wir alle Fit sein m\u00fcssen und guten Fu\u00dfball spielen.<br>Als erstes konzentrieren wir uns auf die Gruppenspiele um weiterzukommen. Das ist f\u00fcr mich und f\u00fcr die Mannschaft am wichtigsten!&nbsp;<br>Danach gucken wir weiter was wir noch rausholen k\u00f6nnen, wollen nat\u00fcrlich sehr weit kommen denn ich fahre zur EM um was erreichen zu wollen.&nbsp;<br>Mein Favorit hei\u00dft schon wie oft erw\u00e4hnt die T\u00fcrkei !&nbsp;<br>Die T\u00fcrken sind sehr gut eingespielt wie auch \u00f6fter trainieren die zusammen und das k\u00f6nnte zum Vorteil werden. Sind sehr gut im spielerischen wie auch im Zweik\u00e4mpfen sehr stark.<br>Ansonsten gibst es weitere Favoriten wie Russland, Ukraine und wir Deutschen z\u00e4hle ich uns dazu.<br>Es gibt vielleicht dazu \u00dcberraschungen wie Gro\u00dfbritannien, Frankreich da die sich weiterentwickelt haben. Allerdings konzentrieren wir nur auf uns selbst vom Spiel zu Spiel !<\/p>\n\n\n\n<p>4.Frage<br>-Kommen wir zur letzten Frage , du erinnerst mich teilweise an Peter Schmeichel ( ehemaliger D\u00e4nischer Europameister plus lange Jahre Torwart bei Manchester United ) der sozusagen als Elfmeterkiller genannt wurde ! Du hast in der Saison auch schon mehrmals Elfmeters gehalten, besonders gegen gro\u00dfe Vereine wie gegen Wuppertaler SV und gegen Borussia Dortmund Amateure , sehr beachtlich wenn man deine ruhige Ausstrahlung an der Linie stehen sieht . Was denkst du in den Moment , hast du da einen besonderen Blick oder ist die Ruhe um dich ein gro\u00dfes Vorteil ? Ich danke dir f\u00fcr die Antworten und w\u00fcnsche dir f\u00fcr die Regionalliga Saison alles gute wie besonders zur EM das eine sehr gute Platzierung herausspringt !<\/p>\n\n\n\n<p>B\u00f6lker :&nbsp;<br>Beim Elfmeter muss man immer die Ruhe bewahren und 200% sich konzentrieren.<br>Mehr verrate ich nicht da m\u00f6gliche Vereine die gegen mich demn\u00e4chst antreten noch einstudieren ;0) .<\/p>\n\n\n\n<div class=\"wp-block-image\"><figure class=\"aligncenter is-resized\"><img loading=\"lazy\" decoding=\"async\" src=\"https:\/\/www.dgs-fussball.de\/wordpress\/wp-content\/uploads\/2019\/04\/B\u00f6lker-468x1024.jpg\" alt=\"\" class=\"wp-image-5034\" width=\"233\" height=\"509\" srcset=\"https:\/\/www.dgs-fussball.de\/wordpress\/wp-content\/uploads\/2019\/04\/B\u00f6lker-468x1024.jpg 468w, https:\/\/www.dgs-fussball.de\/wordpress\/wp-content\/uploads\/2019\/04\/B\u00f6lker-137x300.jpg 137w, https:\/\/www.dgs-fussball.de\/wordpress\/wp-content\/uploads\/2019\/04\/B\u00f6lker.jpg 549w\" sizes=\"auto, (max-width: 233px) 100vw, 233px\" \/><figcaption>Christian B\u00f6lker<\/figcaption><\/figure><\/div>\n\n\n\n<p style=\"text-align:center\">Geschrieben von Berti Weishof<\/p>\n\n\n\n<p><\/p>\n","protected":false},"excerpt":{"rendered":"<p>Christian B\u00f6lker , unsere Nummer \u201eEins\u201c im Deutschen Tor , nicht nur im Deutschen Tor, ebenso in der Regionalliga West bei Kaan Marienborn die Nummer \u201eEins\u201c ! Das nenne ich Hochachtung f\u00fcr unseren Torwart B\u00f6lker ! Danke das du f\u00fcr uns f\u00fcr die Fragen Zeit nimmst.&nbsp; 1.Frage&nbsp;-Oftmals hat man in vielen Berichten \/ Sportzeitungen wie auch im Internet weit und<\/p>\n","protected":false},"author":1,"featured_media":0,"comment_status":"closed","ping_status":"closed","sticky":false,"template":"","format":"standard","meta":{"ngg_post_thumbnail":0,"footnotes":""},"categories":[25],"tags":[],"class_list":["post-5033","post","type-post","status-publish","format-standard","hentry","category-nationalmannschaft-fussball-maenner"],"_links":{"self":[{"href":"https:\/\/www.dgs-fussball.de\/index.php?rest_route=\/wp\/v2\/posts\/5033","targetHints":{"allow":["GET"]}}],"collection":[{"href":"https:\/\/www.dgs-fussball.de\/index.php?rest_route=\/wp\/v2\/posts"}],"about":[{"href":"https:\/\/www.dgs-fussball.de\/index.php?rest_route=\/wp\/v2\/types\/post"}],"author":[{"embeddable":true,"href":"https:\/\/www.dgs-fussball.de\/index.php?rest_route=\/wp\/v2\/users\/1"}],"replies":[{"embeddable":true,"href":"https:\/\/www.dgs-fussball.de\/index.php?rest_route=%2Fwp%2Fv2%2Fcomments&post=5033"}],"version-history":[{"count":1,"href":"https:\/\/www.dgs-fussball.de\/index.php?rest_route=\/wp\/v2\/posts\/5033\/revisions"}],"predecessor-version":[{"id":5035,"href":"https:\/\/www.dgs-fussball.de\/index.php?rest_route=\/wp\/v2\/posts\/5033\/revisions\/5035"}],"wp:attachment":[{"href":"https:\/\/www.dgs-fussball.de\/index.php?rest_route=%2Fwp%2Fv2%2Fmedia&parent=5033"}],"wp:term":[{"taxonomy":"category","embeddable":true,"href":"https:\/\/www.dgs-fussball.de\/index.php?rest_route=%2Fwp%2Fv2%2Fcategories&post=5033"},{"taxonomy":"post_tag","embeddable":true,"href":"https:\/\/www.dgs-fussball.de\/index.php?rest_route=%2Fwp%2Fv2%2Ftags&post=5033"}],"curies":[{"name":"wp","href":"https:\/\/api.w.org\/{rel}","templated":true}]}}