{"id":513,"date":"2012-04-03T06:54:39","date_gmt":"2012-04-03T06:54:39","guid":{"rendered":"http:\/\/www.dgs-fussball.de\/?p=513"},"modified":"2012-04-03T06:54:39","modified_gmt":"2012-04-03T06:54:39","slug":"urlaubsmitteilung-von-andre-brandel","status":"publish","type":"post","link":"https:\/\/www.dgs-fussball.de\/?p=513","title":{"rendered":"Urlaubsmitteilung von Andr\u00e9 Br\u00e4ndel"},"content":{"rendered":"<p style=\"text-align: center;\">Hallo zusammen,<\/p>\n<p style=\"text-align: center;\">hiermit m\u00f6chte ich euch mitteilen, dass ich in der Zeit vom 5. April bis zum 13. April 2012 wegen Urlaub im Ausland nicht erreichbar bin. Bei R\u00fcckfragen um Frauenfu\u00dfball bei diesen Zeitraum bitte an TL Linda Hoede wenden. Bei R\u00fcckfragen um Nationalmannschaft bitte an Anne K\u00f6ster wenden. Auch an mich als Kopie zur Kenntnis mitteilen, danke!<\/p>\n<p style=\"text-align: center;\">Manche Bearbeitung wird insofern etwas l\u00e4nger dauern.<\/p>\n<p style=\"text-align: center;\">Ich bitte um Kenntnisnahme und verbleibe<\/p>\n<div style=\"text-align: center;\">\n<p>mit sportlichen Gr\u00fc\u00dfen<\/p>\n<p>Andre Br\u00e4ndel Frauenfu\u00dfball-Verantwortlicher der DGS-Sparte Fu\u00dfball<\/p>\n<\/div>\n","protected":false},"excerpt":{"rendered":"<p>Hallo zusammen, hiermit m\u00f6chte ich euch mitteilen, dass ich in der Zeit vom 5. April bis zum 13. April 2012 wegen Urlaub im Ausland nicht erreichbar bin. Bei R\u00fcckfragen um Frauenfu\u00dfball bei diesen Zeitraum bitte an TL Linda Hoede wenden. Bei R\u00fcckfragen um Nationalmannschaft bitte an Anne K\u00f6ster wenden. Auch an mich als Kopie zur Kenntnis mitteilen, danke! Manche Bearbeitung<\/p>\n","protected":false},"author":1,"featured_media":0,"comment_status":"closed","ping_status":"closed","sticky":false,"template":"","format":"standard","meta":{"ngg_post_thumbnail":0,"footnotes":""},"categories":[1],"tags":[],"class_list":["post-513","post","type-post","status-publish","format-standard","hentry","category-allgemein"],"_links":{"self":[{"href":"https:\/\/www.dgs-fussball.de\/index.php?rest_route=\/wp\/v2\/posts\/513","targetHints":{"allow":["GET"]}}],"collection":[{"href":"https:\/\/www.dgs-fussball.de\/index.php?rest_route=\/wp\/v2\/posts"}],"about":[{"href":"https:\/\/www.dgs-fussball.de\/index.php?rest_route=\/wp\/v2\/types\/post"}],"author":[{"embeddable":true,"href":"https:\/\/www.dgs-fussball.de\/index.php?rest_route=\/wp\/v2\/users\/1"}],"replies":[{"embeddable":true,"href":"https:\/\/www.dgs-fussball.de\/index.php?rest_route=%2Fwp%2Fv2%2Fcomments&post=513"}],"version-history":[{"count":2,"href":"https:\/\/www.dgs-fussball.de\/index.php?rest_route=\/wp\/v2\/posts\/513\/revisions"}],"predecessor-version":[{"id":515,"href":"https:\/\/www.dgs-fussball.de\/index.php?rest_route=\/wp\/v2\/posts\/513\/revisions\/515"}],"wp:attachment":[{"href":"https:\/\/www.dgs-fussball.de\/index.php?rest_route=%2Fwp%2Fv2%2Fmedia&parent=513"}],"wp:term":[{"taxonomy":"category","embeddable":true,"href":"https:\/\/www.dgs-fussball.de\/index.php?rest_route=%2Fwp%2Fv2%2Fcategories&post=513"},{"taxonomy":"post_tag","embeddable":true,"href":"https:\/\/www.dgs-fussball.de\/index.php?rest_route=%2Fwp%2Fv2%2Ftags&post=513"}],"curies":[{"name":"wp","href":"https:\/\/api.w.org\/{rel}","templated":true}]}}