{"id":5250,"date":"2019-06-24T14:46:22","date_gmt":"2019-06-24T12:46:22","guid":{"rendered":"http:\/\/www.dgs-fussball.de\/?p=5250"},"modified":"2019-06-25T10:03:10","modified_gmt":"2019-06-25T08:03:10","slug":"die-u21-fussball-em-kommt-nach-deutschland","status":"publish","type":"post","link":"https:\/\/www.dgs-fussball.de\/?p=5250","title":{"rendered":"Die U21 Fu\u00dfball EM kommt nach Deutschland!"},"content":{"rendered":"\n<p>Text: Anne K\u00f6ster (www.dg-sv.de), Bild: DGS Archiv <\/p>\n\n\n\n<p><strong>U21 European Championship Deaf Football \u2013 in inklusives Fu\u00dfballfest<\/strong><\/p>\n\n\n\n<p> Im Rahmen der 10. Fu\u00dfball Europameisterschaft im griechischen Heraklion bekam der Deutsche Geh\u00f6rlosen-Sportverband die offizielle Zusage zur Ausrichtung der 3. U21 Fu\u00dfball Europameisterschaft 2020 im hessischen Baunatal. <\/p>\n\n\n\n<figure class=\"wp-block-image\"><img loading=\"lazy\" decoding=\"async\" width=\"1075\" height=\"624\" src=\"https:\/\/i2.wp.com\/www.dgs-fussball.de\/wordpress\/wp-content\/uploads\/2019\/06\/image.png?fit=860%2C499\" alt=\"\" class=\"wp-image-5251\" srcset=\"https:\/\/www.dgs-fussball.de\/wordpress\/wp-content\/uploads\/2019\/06\/image.png 1075w, https:\/\/www.dgs-fussball.de\/wordpress\/wp-content\/uploads\/2019\/06\/image-300x174.png 300w, https:\/\/www.dgs-fussball.de\/wordpress\/wp-content\/uploads\/2019\/06\/image-768x446.png 768w, https:\/\/www.dgs-fussball.de\/wordpress\/wp-content\/uploads\/2019\/06\/image-1024x594.png 1024w\" sizes=\"auto, (max-width: 1075px) 100vw, 1075px\" \/><\/figure>\n\n\n\n<figure class=\"wp-block-image\"><img loading=\"lazy\" decoding=\"async\" width=\"1200\" height=\"800\" src=\"https:\/\/i1.wp.com\/www.dgs-fussball.de\/wordpress\/wp-content\/uploads\/2019\/06\/pic_01.jpg?fit=860%2C574\" alt=\"\" class=\"wp-image-5252\" srcset=\"https:\/\/www.dgs-fussball.de\/wordpress\/wp-content\/uploads\/2019\/06\/pic_01.jpg 1200w, https:\/\/www.dgs-fussball.de\/wordpress\/wp-content\/uploads\/2019\/06\/pic_01-300x200.jpg 300w, https:\/\/www.dgs-fussball.de\/wordpress\/wp-content\/uploads\/2019\/06\/pic_01-768x512.jpg 768w, https:\/\/www.dgs-fussball.de\/wordpress\/wp-content\/uploads\/2019\/06\/pic_01-1024x683.jpg 1024w\" sizes=\"auto, (max-width: 1200px) 100vw, 1200px\" \/><\/figure>\n\n\n\n<p> Das Organisationskomitee aus Deutschland unter der Leitung von Jens Becker ist bereits gut vorbereitet, die Wettkampforte sind bereits besichtigt und fest gemacht, das Veranstaltungshotel ist gebucht, die Homepage mit den ersten wichtigen Informationen ist bereits online.<\/p>\n\n\n\n<p><a rel=\"noreferrer noopener\" href=\"https:\/\/www.u21-football-2020.eu\/\" target=\"_blank\">Offizielle Website<\/a><\/p>\n\n\n\n<p><br>Damit sind der DGS und seine Sportjugend, die dgsj, im kommenden Jahr vom 28. Juli bis 08. August 2020 Gastgeber f\u00fcr die zw\u00f6lf besten Fu\u00dfball Jugendnationalmannschaften aus ganz Europa. Neben dem Turnier, das im Mittelpunkt des Geschehens stehen wird, arbeiten die Organisatoren der Veranstaltung an einem lebhaften Rahmenprogramm f\u00fcr alle Besucher.<\/p>\n\n\n\n<p>Daniel Haffke, hauptamtlicher Macher der Deutsche Geh\u00f6rlosen Sportjugend:<br><em>&#8222;Wir bedanken uns bei der EDSO f\u00fcr das gro\u00dfe Vertrauen und \u00fcbernehmen die Verantwortung gerne. Wir werden alles daf\u00fcr tun, den Erwartungen gerecht zu werden. Die EM 2020 wird viele Menschen f\u00fcr unseren Sport begeistern &#8211; in Deutschland und dar\u00fcber hinaus.\u201c<\/em><\/p>\n","protected":false},"excerpt":{"rendered":"<p>Text: Anne K\u00f6ster (www.dg-sv.de), Bild: DGS Archiv U21 European Championship Deaf Football \u2013 in inklusives Fu\u00dfballfest Im Rahmen der 10. Fu\u00dfball Europameisterschaft im griechischen Heraklion bekam der Deutsche Geh\u00f6rlosen-Sportverband die offizielle Zusage zur Ausrichtung der 3. U21 Fu\u00dfball Europameisterschaft 2020 im hessischen Baunatal. Das Organisationskomitee aus Deutschland unter der Leitung von Jens Becker ist bereits gut vorbereitet, die Wettkampforte sind<\/p>\n","protected":false},"author":3,"featured_media":0,"comment_status":"closed","ping_status":"closed","sticky":false,"template":"","format":"standard","meta":{"ngg_post_thumbnail":0,"footnotes":""},"categories":[1,41],"tags":[],"class_list":["post-5250","post","type-post","status-publish","format-standard","hentry","category-allgemein","category-nationalmannschaft-fussball-u21maenner"],"_links":{"self":[{"href":"https:\/\/www.dgs-fussball.de\/index.php?rest_route=\/wp\/v2\/posts\/5250","targetHints":{"allow":["GET"]}}],"collection":[{"href":"https:\/\/www.dgs-fussball.de\/index.php?rest_route=\/wp\/v2\/posts"}],"about":[{"href":"https:\/\/www.dgs-fussball.de\/index.php?rest_route=\/wp\/v2\/types\/post"}],"author":[{"embeddable":true,"href":"https:\/\/www.dgs-fussball.de\/index.php?rest_route=\/wp\/v2\/users\/3"}],"replies":[{"embeddable":true,"href":"https:\/\/www.dgs-fussball.de\/index.php?rest_route=%2Fwp%2Fv2%2Fcomments&post=5250"}],"version-history":[{"count":1,"href":"https:\/\/www.dgs-fussball.de\/index.php?rest_route=\/wp\/v2\/posts\/5250\/revisions"}],"predecessor-version":[{"id":5253,"href":"https:\/\/www.dgs-fussball.de\/index.php?rest_route=\/wp\/v2\/posts\/5250\/revisions\/5253"}],"wp:attachment":[{"href":"https:\/\/www.dgs-fussball.de\/index.php?rest_route=%2Fwp%2Fv2%2Fmedia&parent=5250"}],"wp:term":[{"taxonomy":"category","embeddable":true,"href":"https:\/\/www.dgs-fussball.de\/index.php?rest_route=%2Fwp%2Fv2%2Fcategories&post=5250"},{"taxonomy":"post_tag","embeddable":true,"href":"https:\/\/www.dgs-fussball.de\/index.php?rest_route=%2Fwp%2Fv2%2Ftags&post=5250"}],"curies":[{"name":"wp","href":"https:\/\/api.w.org\/{rel}","templated":true}]}}